{"id":23606,"date":"2021-12-01T00:19:00","date_gmt":"2021-12-01T00:19:00","guid":{"rendered":"https:\/\/blogdorogeriogomes.com.br\/?p=23606"},"modified":"2021-12-02T18:52:32","modified_gmt":"2021-12-02T18:52:32","slug":"camilo-e-sarto-antecipam-que-nao-havera-financiamento-publico-para-o-carnaval-2022","status":"publish","type":"post","link":"https:\/\/blogdorogeriogomes.com.br\/noticias\/2021\/12\/camilo-e-sarto-antecipam-que-nao-havera-financiamento-publico-para-o-carnaval-2022\/","title":{"rendered":"Camilo e Sarto antecipam que n\u00e3o haver\u00e1 financiamento p\u00fablico para o Carnaval 2022"},"content":{"rendered":"\n<p>O governador do Cear\u00e1, Camilo Santana, decidiu suspender o edital Cear\u00e1 Ciclo Carnavalesco, que contemplava diferentes categorias para os festejos do Carnaval no Estado em 2022. Assim, n\u00e3o haver\u00e1 financiamento p\u00fablico para festas carnavalescas no pr\u00f3ximo ano no Cear\u00e1. <\/p>\n\n\n\n<p>O prefeito de Fortaleza, Jos\u00e9 Sarto, tamb\u00e9m confirmou que a capital cearense n\u00e3o vai promover o Ciclo Carnavalesco de 2022, devido ao aparecimento de uma nova variante do coronav\u00edrus na \u00c1frica do Sul e que j\u00e1 tem dois casos confirmados no Brasil.<\/p>\n\n\n\n<p>Os recursos municipais de quase R$ 14 milh\u00f5es, previstos na&nbsp;para promover o Pr\u00e9 Carnaval e o Carnaval, ser\u00e3o destinados a&nbsp;a\u00e7\u00f5es de seguran\u00e7a alimentar, sa\u00fade e apoio \u00e0 cultura.<\/p>\n\n\n\n<figure class=\"wp-block-image size-large\"><img loading=\"lazy\" decoding=\"async\" width=\"485\" height=\"336\" src=\"https:\/\/blogdorogeriogomes.com.br\/wp-content\/uploads\/2021\/12\/images-462.jpeg\" alt=\"\" class=\"wp-image-23607\" srcset=\"https:\/\/blogdorogeriogomes.com.br\/noticias\/wp-content\/uploads\/2021\/12\/images-462.jpeg 485w, https:\/\/blogdorogeriogomes.com.br\/noticias\/wp-content\/uploads\/2021\/12\/images-462-300x208.jpeg 300w\" sizes=\"auto, (max-width: 485px) 100vw, 485px\" \/><\/figure>\n","protected":false},"excerpt":{"rendered":"<p>O governador do Cear\u00e1, Camilo Santana, decidiu suspender o edital Cear\u00e1 Ciclo Carnavalesco, que contemplava diferentes categorias para os festejos do Carnaval no Estado em 2022. Assim, n\u00e3o haver\u00e1 financiamento p\u00fablico para festas carnavalescas no pr\u00f3ximo ano no Cear\u00e1. O prefeito de Fortaleza, Jos\u00e9 Sarto, tamb\u00e9m confirmou que a capital cearense n\u00e3o vai promover o Ciclo Carnavalesco de 2022, devido ao aparecimento de uma nova variante do coronav\u00edrus na \u00c1frica do Sul e que j\u00e1 tem dois casos confirmados&hellip;<\/p>\n","protected":false},"author":1,"featured_media":23607,"comment_status":"open","ping_status":"open","sticky":false,"template":"","format":"standard","meta":{"footnotes":""},"categories":[1],"tags":[],"class_list":["post-23606","post","type-post","status-publish","format-standard","has-post-thumbnail","hentry","category-noticias"],"_links":{"self":[{"href":"https:\/\/blogdorogeriogomes.com.br\/noticias\/wp-json\/wp\/v2\/posts\/23606","targetHints":{"allow":["GET"]}}],"collection":[{"href":"https:\/\/blogdorogeriogomes.com.br\/noticias\/wp-json\/wp\/v2\/posts"}],"about":[{"href":"https:\/\/blogdorogeriogomes.com.br\/noticias\/wp-json\/wp\/v2\/types\/post"}],"author":[{"embeddable":true,"href":"https:\/\/blogdorogeriogomes.com.br\/noticias\/wp-json\/wp\/v2\/users\/1"}],"replies":[{"embeddable":true,"href":"https:\/\/blogdorogeriogomes.com.br\/noticias\/wp-json\/wp\/v2\/comments?post=23606"}],"version-history":[{"count":2,"href":"https:\/\/blogdorogeriogomes.com.br\/noticias\/wp-json\/wp\/v2\/posts\/23606\/revisions"}],"predecessor-version":[{"id":23635,"href":"https:\/\/blogdorogeriogomes.com.br\/noticias\/wp-json\/wp\/v2\/posts\/23606\/revisions\/23635"}],"wp:featuredmedia":[{"embeddable":true,"href":"https:\/\/blogdorogeriogomes.com.br\/noticias\/wp-json\/wp\/v2\/media\/23607"}],"wp:attachment":[{"href":"https:\/\/blogdorogeriogomes.com.br\/noticias\/wp-json\/wp\/v2\/media?parent=23606"}],"wp:term":[{"taxonomy":"category","embeddable":true,"href":"https:\/\/blogdorogeriogomes.com.br\/noticias\/wp-json\/wp\/v2\/categories?post=23606"},{"taxonomy":"post_tag","embeddable":true,"href":"https:\/\/blogdorogeriogomes.com.br\/noticias\/wp-json\/wp\/v2\/tags?post=23606"}],"curies":[{"name":"wp","href":"https:\/\/api.w.org\/{rel}","templated":true}]}}