{"id":23609,"date":"2021-12-01T09:59:44","date_gmt":"2021-12-01T09:59:44","guid":{"rendered":"https:\/\/blogdorogeriogomes.com.br\/?p=23609"},"modified":"2021-12-02T18:52:51","modified_gmt":"2021-12-02T18:52:51","slug":"abertas-as-inscricoes-para-quem-deseja-ser-contemplado-pelo-refis-estadual","status":"publish","type":"post","link":"https:\/\/blogdorogeriogomes.com.br\/noticias\/2021\/12\/abertas-as-inscricoes-para-quem-deseja-ser-contemplado-pelo-refis-estadual\/","title":{"rendered":"Abertas as inscri\u00e7\u00f5es para quem deseja ser contemplado pelo Refis estadual"},"content":{"rendered":"\n<p>O programa Refis aprovado pelo Governo do Estado abre inscri\u00e7\u00f5es para os interessados a partir desta quarta-feira, dia 1\u00b0 de dezembro. Quem tem multas pendentes no Detran do Cear\u00e1 ou com impostos atrasados j\u00e1 pode se credenciar para ser beneficiado com o perd\u00e3o da d\u00edvida ou parcelamento do valor. O programa que traz essas facilidades inclui o parcelamento de d\u00e9bitos do IPVA, ICMS e Imposto de Transmiss\u00e3o Causa Mortis e Doa\u00e7\u00e3o (ITCD). As inscri\u00e7\u00f5es seguem at\u00e9 o dia 30 de dezembro pela internet.<\/p>\n\n\n\n<p>O Governo Estadual avalia que mais de 500 mil pessoas ser\u00e3o contempladas com o benef\u00edcio no Cear\u00e1. Um dos requisitos para ades\u00e3o ao programa pelos contribuintes \u00e9 desistir de a\u00e7\u00f5es judiciais e processos administrativos que envolvam os d\u00e9bitos inclu\u00eddos no Refis.<\/p>\n\n\n\n<figure class=\"wp-block-image size-large\"><img loading=\"lazy\" decoding=\"async\" width=\"738\" height=\"415\" src=\"https:\/\/blogdorogeriogomes.com.br\/wp-content\/uploads\/2021\/12\/images-47.jpeg\" alt=\"\" class=\"wp-image-23610\" srcset=\"https:\/\/blogdorogeriogomes.com.br\/noticias\/wp-content\/uploads\/2021\/12\/images-47.jpeg 738w, https:\/\/blogdorogeriogomes.com.br\/noticias\/wp-content\/uploads\/2021\/12\/images-47-300x169.jpeg 300w\" sizes=\"auto, (max-width: 738px) 100vw, 738px\" \/><\/figure>\n","protected":false},"excerpt":{"rendered":"<p>O programa Refis aprovado pelo Governo do Estado abre inscri\u00e7\u00f5es para os interessados a partir desta quarta-feira, dia 1\u00b0 de dezembro. Quem tem multas pendentes no Detran do Cear\u00e1 ou com impostos atrasados j\u00e1 pode se credenciar para ser beneficiado com o perd\u00e3o da d\u00edvida ou parcelamento do valor. O programa que traz essas facilidades inclui o parcelamento de d\u00e9bitos do IPVA, ICMS e Imposto de Transmiss\u00e3o Causa Mortis e Doa\u00e7\u00e3o (ITCD). As inscri\u00e7\u00f5es seguem at\u00e9 o dia 30&hellip;<\/p>\n","protected":false},"author":1,"featured_media":23610,"comment_status":"open","ping_status":"open","sticky":false,"template":"","format":"standard","meta":{"footnotes":""},"categories":[1],"tags":[],"class_list":["post-23609","post","type-post","status-publish","format-standard","has-post-thumbnail","hentry","category-noticias"],"_links":{"self":[{"href":"https:\/\/blogdorogeriogomes.com.br\/noticias\/wp-json\/wp\/v2\/posts\/23609","targetHints":{"allow":["GET"]}}],"collection":[{"href":"https:\/\/blogdorogeriogomes.com.br\/noticias\/wp-json\/wp\/v2\/posts"}],"about":[{"href":"https:\/\/blogdorogeriogomes.com.br\/noticias\/wp-json\/wp\/v2\/types\/post"}],"author":[{"embeddable":true,"href":"https:\/\/blogdorogeriogomes.com.br\/noticias\/wp-json\/wp\/v2\/users\/1"}],"replies":[{"embeddable":true,"href":"https:\/\/blogdorogeriogomes.com.br\/noticias\/wp-json\/wp\/v2\/comments?post=23609"}],"version-history":[{"count":1,"href":"https:\/\/blogdorogeriogomes.com.br\/noticias\/wp-json\/wp\/v2\/posts\/23609\/revisions"}],"predecessor-version":[{"id":23611,"href":"https:\/\/blogdorogeriogomes.com.br\/noticias\/wp-json\/wp\/v2\/posts\/23609\/revisions\/23611"}],"wp:featuredmedia":[{"embeddable":true,"href":"https:\/\/blogdorogeriogomes.com.br\/noticias\/wp-json\/wp\/v2\/media\/23610"}],"wp:attachment":[{"href":"https:\/\/blogdorogeriogomes.com.br\/noticias\/wp-json\/wp\/v2\/media?parent=23609"}],"wp:term":[{"taxonomy":"category","embeddable":true,"href":"https:\/\/blogdorogeriogomes.com.br\/noticias\/wp-json\/wp\/v2\/categories?post=23609"},{"taxonomy":"post_tag","embeddable":true,"href":"https:\/\/blogdorogeriogomes.com.br\/noticias\/wp-json\/wp\/v2\/tags?post=23609"}],"curies":[{"name":"wp","href":"https:\/\/api.w.org\/{rel}","templated":true}]}}