{"id":23615,"date":"2021-12-01T22:40:42","date_gmt":"2021-12-01T22:40:42","guid":{"rendered":"https:\/\/blogdorogeriogomes.com.br\/?p=23615"},"modified":"2021-12-02T18:51:35","modified_gmt":"2021-12-02T18:51:35","slug":"andre-mendonca-e-aprovado-no-senado-como-novo-ministro-do-stf-mas-teve-que-adequar-o-discurso","status":"publish","type":"post","link":"https:\/\/blogdorogeriogomes.com.br\/noticias\/2021\/12\/andre-mendonca-e-aprovado-no-senado-como-novo-ministro-do-stf-mas-teve-que-adequar-o-discurso\/","title":{"rendered":"Andr\u00e9 Mendon\u00e7a \u00e9 aprovado no Senado como novo ministro do STF. Mas teve que adequar o discurso&#8230;"},"content":{"rendered":"\n<p>O ex-ministro da Justi\u00e7a e ex-advogado-geral da Uni\u00e3o,&nbsp;Andr\u00e9 Mendon\u00e7a, foi aprovado nesta quarta-feira, dia 1\u00ba de dezembro, por 47 votos a 32 pelo plen\u00e1rio do Senado e ser\u00e1 o novo ministro do Supremo Tribunal Federal (STF), em substitui\u00e7\u00e3o a Marco Aur\u00e9lio Mello, que se aposentou em julho passado. Mendon\u00e7a sofreu v\u00e1rias resist\u00eancias da oposi\u00e7\u00e3o ao ser indicado pelo presidente Jair Bolsonaro como sendo o candidato &#8220;terrivelmente evang\u00e9lico&#8221;. <\/p>\n\n\n\n<p>A sabatina durou oito horas. No plen\u00e1rio, Andr\u00e9 Mendon\u00e7a obteve somente seis votos a mais que o necess\u00e1rio, j\u00e1 que a maioria absoluta \u00e9 de 41 votos. O placar foi apertado e o ex-ministro do Governo Bolsonaro teve de readequar o discurso para os senadores.<\/p>\n\n\n\n<p>Durante a sabatina, Andr\u00e9 Mendon\u00e7a fez defesa irrestrita de respeito \u00e0 Constitui\u00e7\u00e3o quando chegar ao STF. &#8220;Me comprometo com o Estado laico. Ainda que eu seja genuinamente evang\u00e9lico entendo n\u00e3o haver espa\u00e7o para manifesta\u00e7\u00e3o p\u00fablica religiosa durante as sess\u00f5es do STF&#8217;, disse Mendon\u00e7a.<\/p>\n\n\n\n<p>Sobre a uni\u00e3o de pessoas do mesmo sexo e da viol\u00eancia contra a popula\u00e7\u00e3o LGBTQIA+, Andr\u00e9 Mendon\u00e7a afirmou: &#8220;N\u00e3o se admite qualquer tipo de discrimina\u00e7\u00e3o. \u00c9 inconceb\u00edvel qualquer ato de viol\u00eancia f\u00edsica, moral, verbal em rela\u00e7\u00e3o a essa comunidade. Assim, o meu comprometimento \u00e9 tamb\u00e9m diante de situa\u00e7\u00f5es como essa aplicar a legisla\u00e7\u00e3o pertinente, inclusive na quest\u00e3o da pr\u00f3pria decis\u00e3o do STF, que equiparou a a\u00e7\u00e3o dirigida a essa comunidade como racismo&#8230;eu defenderei o direito constitucional do casamento civil das pessoas do mesmo sexo&#8230;o casamento civil, eu tenho a minha concep\u00e7\u00e3o de f\u00e9 especifica. Agora, como magistrado da Suprema Corte, eu tenho que me pautar pela Constitui\u00e7\u00e3o&#8221;.<\/p>\n\n\n\n<figure class=\"wp-block-image size-large\"><img loading=\"lazy\" decoding=\"async\" width=\"860\" height=\"570\" src=\"https:\/\/blogdorogeriogomes.com.br\/wp-content\/uploads\/2021\/12\/imagem_materia.jpeg\" alt=\"\" class=\"wp-image-23616\" srcset=\"https:\/\/blogdorogeriogomes.com.br\/noticias\/wp-content\/uploads\/2021\/12\/imagem_materia.jpeg 860w, https:\/\/blogdorogeriogomes.com.br\/noticias\/wp-content\/uploads\/2021\/12\/imagem_materia-300x199.jpeg 300w, https:\/\/blogdorogeriogomes.com.br\/noticias\/wp-content\/uploads\/2021\/12\/imagem_materia-768x509.jpeg 768w, https:\/\/blogdorogeriogomes.com.br\/noticias\/wp-content\/uploads\/2021\/12\/imagem_materia-800x530.jpeg 800w\" sizes=\"auto, (max-width: 860px) 100vw, 860px\" \/><\/figure>\n\n\n\n<p><\/p>\n","protected":false},"excerpt":{"rendered":"<p>O ex-ministro da Justi\u00e7a e ex-advogado-geral da Uni\u00e3o,&nbsp;Andr\u00e9 Mendon\u00e7a, foi aprovado nesta quarta-feira, dia 1\u00ba de dezembro, por 47 votos a 32 pelo plen\u00e1rio do Senado e ser\u00e1 o novo ministro do Supremo Tribunal Federal (STF), em substitui\u00e7\u00e3o a Marco Aur\u00e9lio Mello, que se aposentou em julho passado. Mendon\u00e7a sofreu v\u00e1rias resist\u00eancias da oposi\u00e7\u00e3o ao ser indicado pelo presidente Jair Bolsonaro como sendo o candidato &#8220;terrivelmente evang\u00e9lico&#8221;. A sabatina durou oito horas. No plen\u00e1rio, Andr\u00e9 Mendon\u00e7a obteve somente seis&hellip;<\/p>\n","protected":false},"author":1,"featured_media":23616,"comment_status":"open","ping_status":"open","sticky":false,"template":"","format":"standard","meta":{"footnotes":""},"categories":[1],"tags":[],"class_list":["post-23615","post","type-post","status-publish","format-standard","has-post-thumbnail","hentry","category-noticias"],"_links":{"self":[{"href":"https:\/\/blogdorogeriogomes.com.br\/noticias\/wp-json\/wp\/v2\/posts\/23615","targetHints":{"allow":["GET"]}}],"collection":[{"href":"https:\/\/blogdorogeriogomes.com.br\/noticias\/wp-json\/wp\/v2\/posts"}],"about":[{"href":"https:\/\/blogdorogeriogomes.com.br\/noticias\/wp-json\/wp\/v2\/types\/post"}],"author":[{"embeddable":true,"href":"https:\/\/blogdorogeriogomes.com.br\/noticias\/wp-json\/wp\/v2\/users\/1"}],"replies":[{"embeddable":true,"href":"https:\/\/blogdorogeriogomes.com.br\/noticias\/wp-json\/wp\/v2\/comments?post=23615"}],"version-history":[{"count":2,"href":"https:\/\/blogdorogeriogomes.com.br\/noticias\/wp-json\/wp\/v2\/posts\/23615\/revisions"}],"predecessor-version":[{"id":23632,"href":"https:\/\/blogdorogeriogomes.com.br\/noticias\/wp-json\/wp\/v2\/posts\/23615\/revisions\/23632"}],"wp:featuredmedia":[{"embeddable":true,"href":"https:\/\/blogdorogeriogomes.com.br\/noticias\/wp-json\/wp\/v2\/media\/23616"}],"wp:attachment":[{"href":"https:\/\/blogdorogeriogomes.com.br\/noticias\/wp-json\/wp\/v2\/media?parent=23615"}],"wp:term":[{"taxonomy":"category","embeddable":true,"href":"https:\/\/blogdorogeriogomes.com.br\/noticias\/wp-json\/wp\/v2\/categories?post=23615"},{"taxonomy":"post_tag","embeddable":true,"href":"https:\/\/blogdorogeriogomes.com.br\/noticias\/wp-json\/wp\/v2\/tags?post=23615"}],"curies":[{"name":"wp","href":"https:\/\/api.w.org\/{rel}","templated":true}]}}