{"id":23618,"date":"2021-12-01T23:17:31","date_gmt":"2021-12-01T23:17:31","guid":{"rendered":"https:\/\/blogdorogeriogomes.com.br\/?p=23618"},"modified":"2021-12-02T18:51:25","modified_gmt":"2021-12-02T18:51:25","slug":"integrantes-do-staff-do-governo-do-ceara-que-vao-se-candidatar-em-2022-devem-deixar-os-cargos-ate-o-fim-do-ano","status":"publish","type":"post","link":"https:\/\/blogdorogeriogomes.com.br\/noticias\/2021\/12\/integrantes-do-staff-do-governo-do-ceara-que-vao-se-candidatar-em-2022-devem-deixar-os-cargos-ate-o-fim-do-ano\/","title":{"rendered":"Integrantes do &#8220;staff&#8221; do Governo do Cear\u00e1 que v\u00e3o se candidatar em 2022 devem deixar os cargos at\u00e9 o fim do ano"},"content":{"rendered":"\n<p>A movimenta\u00e7\u00e3o partid\u00e1ria de pr\u00e9 candidatos para as elei\u00e7\u00f5es de 2022 j\u00e1 \u00e9 intensa. E na esfera estadual, o governador Camilo Santana j\u00e1 definiu que secret\u00e1rios estaduais e dirigentes de \u00f3rg\u00e3os vinculados que pretendam disputar mandatos eletivos devem se desincompatibilizar dos cargos at\u00e9 o fim de dezembro. Diante dessa dan\u00e7a de cadeiras, Camilo deve promover uma minirreforma no secretariado e em cargos de 2\u00b0 escal\u00e3o em janeiro de&nbsp;2022.&nbsp;<\/p>\n\n\n\n<p>Pela Lei Eleitoral, a desincompatibilza\u00e7\u00e3o dos cargos p\u00fablicos deve ocorrer at\u00e9 abril do pr\u00f3ximo ano. No entanto, a ideia \u00e9 adequar os novos nomes do &#8220;staff estadual&#8221; nos cargos j\u00e1 a partir do in\u00edcio do ano, a fim de evitar a descontinuidade de projetos.<\/p>\n\n\n\n<p>Em rela\u00e7\u00e3o ao seu futuro pol\u00edtico, Camilo Santana deve deixar para definir s\u00f3 no t\u00e9rmino do prazo determinado pela Justi\u00e7a Eleitoral. At\u00e9 abril de 2022, o petista deve confirmar se vai concorrer ao Senado Federal ou se ficar\u00e1 \u00e0 frente do Governo do Estado at\u00e9 o fim do mandato em dezembro do pr\u00f3ximo ano.<\/p>\n\n\n\n<figure class=\"wp-block-image size-large\"><img loading=\"lazy\" decoding=\"async\" width=\"678\" height=\"452\" src=\"https:\/\/blogdorogeriogomes.com.br\/wp-content\/uploads\/2021\/12\/images-49.jpeg\" alt=\"\" class=\"wp-image-23619\" srcset=\"https:\/\/blogdorogeriogomes.com.br\/noticias\/wp-content\/uploads\/2021\/12\/images-49.jpeg 678w, https:\/\/blogdorogeriogomes.com.br\/noticias\/wp-content\/uploads\/2021\/12\/images-49-300x200.jpeg 300w\" sizes=\"auto, (max-width: 678px) 100vw, 678px\" \/><\/figure>\n","protected":false},"excerpt":{"rendered":"<p>A movimenta\u00e7\u00e3o partid\u00e1ria de pr\u00e9 candidatos para as elei\u00e7\u00f5es de 2022 j\u00e1 \u00e9 intensa. E na esfera estadual, o governador Camilo Santana j\u00e1 definiu que secret\u00e1rios estaduais e dirigentes de \u00f3rg\u00e3os vinculados que pretendam disputar mandatos eletivos devem se desincompatibilizar dos cargos at\u00e9 o fim de dezembro. Diante dessa dan\u00e7a de cadeiras, Camilo deve promover uma minirreforma no secretariado e em cargos de 2\u00b0 escal\u00e3o em janeiro de&nbsp;2022.&nbsp; Pela Lei Eleitoral, a desincompatibilza\u00e7\u00e3o dos cargos p\u00fablicos deve ocorrer at\u00e9&hellip;<\/p>\n","protected":false},"author":1,"featured_media":23619,"comment_status":"open","ping_status":"open","sticky":false,"template":"","format":"standard","meta":{"footnotes":""},"categories":[1],"tags":[],"class_list":["post-23618","post","type-post","status-publish","format-standard","has-post-thumbnail","hentry","category-noticias"],"_links":{"self":[{"href":"https:\/\/blogdorogeriogomes.com.br\/noticias\/wp-json\/wp\/v2\/posts\/23618","targetHints":{"allow":["GET"]}}],"collection":[{"href":"https:\/\/blogdorogeriogomes.com.br\/noticias\/wp-json\/wp\/v2\/posts"}],"about":[{"href":"https:\/\/blogdorogeriogomes.com.br\/noticias\/wp-json\/wp\/v2\/types\/post"}],"author":[{"embeddable":true,"href":"https:\/\/blogdorogeriogomes.com.br\/noticias\/wp-json\/wp\/v2\/users\/1"}],"replies":[{"embeddable":true,"href":"https:\/\/blogdorogeriogomes.com.br\/noticias\/wp-json\/wp\/v2\/comments?post=23618"}],"version-history":[{"count":2,"href":"https:\/\/blogdorogeriogomes.com.br\/noticias\/wp-json\/wp\/v2\/posts\/23618\/revisions"}],"predecessor-version":[{"id":23631,"href":"https:\/\/blogdorogeriogomes.com.br\/noticias\/wp-json\/wp\/v2\/posts\/23618\/revisions\/23631"}],"wp:featuredmedia":[{"embeddable":true,"href":"https:\/\/blogdorogeriogomes.com.br\/noticias\/wp-json\/wp\/v2\/media\/23619"}],"wp:attachment":[{"href":"https:\/\/blogdorogeriogomes.com.br\/noticias\/wp-json\/wp\/v2\/media?parent=23618"}],"wp:term":[{"taxonomy":"category","embeddable":true,"href":"https:\/\/blogdorogeriogomes.com.br\/noticias\/wp-json\/wp\/v2\/categories?post=23618"},{"taxonomy":"post_tag","embeddable":true,"href":"https:\/\/blogdorogeriogomes.com.br\/noticias\/wp-json\/wp\/v2\/tags?post=23618"}],"curies":[{"name":"wp","href":"https:\/\/api.w.org\/{rel}","templated":true}]}}