{"id":23637,"date":"2021-12-02T19:11:27","date_gmt":"2021-12-02T19:11:27","guid":{"rendered":"https:\/\/blogdorogeriogomes.com.br\/?p=23637"},"modified":"2021-12-03T11:39:34","modified_gmt":"2021-12-03T11:39:34","slug":"assembleia-legislativa-do-ceara-tambem-passa-a-exigir-o-passaporte-de-vacina-para-ter-acesso-ao-predio","status":"publish","type":"post","link":"https:\/\/blogdorogeriogomes.com.br\/noticias\/2021\/12\/assembleia-legislativa-do-ceara-tambem-passa-a-exigir-o-passaporte-de-vacina-para-ter-acesso-ao-predio\/","title":{"rendered":"Assembleia Legislativa do Cear\u00e1 tamb\u00e9m passa a exigir o passaporte de vacina para ter acesso ao pr\u00e9dio"},"content":{"rendered":"\n<p>O presidente da Assembleia Legislativa do Cear\u00e1, Evandro Leit\u00e3o (PDT), anunciou que ser\u00e1 exigida, a partir da pr\u00f3xima segunda-feira, dia 6 de dezembro, a apresenta\u00e7\u00e3o do comprovante de vacina\u00e7\u00e3o contra a Covid-19, com duas ou mais doses, a todos que ingressarem na Casa. Segundo ele, a decis\u00e3o foi tomada em reuni\u00e3o da Mesa Diretora e deve se estender a parlamentares, assessores, servidores, imprensa, colaboradores em geral e visitantes.<\/p>\n\n\n\n<p>Evandro Leit\u00e3o considerou que o surgimento da nova variante do coronav\u00edrus, \u00f4micron, tem preocupado a comunidade cient\u00edfica internacional e j\u00e1 foi identificada no Brasil. As incertezas sobre os riscos, ainda de acordo com o presidente da AL, exigem cautela e mais controle no tr\u00e2nsito de pessoas na Assembleia Legislativa.<\/p>\n\n\n\n<p>O presidente da AL tamb\u00e9m confirmou que a pr\u00f3xima sess\u00e3o itinerante da Assembleia Legislativa ser\u00e1 realizada no munic\u00edpio de Novo Oriente, no sert\u00e3o de Crate\u00fas, nos dias 7, 8 e 9 de dezembro. Ser\u00e1 a \u00faltima sess\u00e3o itinerante de 2021 no interior do Estado. <\/p>\n\n\n\n<figure class=\"wp-block-image size-large\"><img loading=\"lazy\" decoding=\"async\" width=\"900\" height=\"600\" src=\"https:\/\/blogdorogeriogomes.com.br\/wp-content\/uploads\/2021\/12\/6cac5eee8c828775f37dbab5a29a02a6_XL.jpg\" alt=\"\" class=\"wp-image-23638\" srcset=\"https:\/\/blogdorogeriogomes.com.br\/noticias\/wp-content\/uploads\/2021\/12\/6cac5eee8c828775f37dbab5a29a02a6_XL.jpg 900w, https:\/\/blogdorogeriogomes.com.br\/noticias\/wp-content\/uploads\/2021\/12\/6cac5eee8c828775f37dbab5a29a02a6_XL-300x200.jpg 300w, https:\/\/blogdorogeriogomes.com.br\/noticias\/wp-content\/uploads\/2021\/12\/6cac5eee8c828775f37dbab5a29a02a6_XL-768x512.jpg 768w, https:\/\/blogdorogeriogomes.com.br\/noticias\/wp-content\/uploads\/2021\/12\/6cac5eee8c828775f37dbab5a29a02a6_XL-800x533.jpg 800w\" sizes=\"auto, (max-width: 900px) 100vw, 900px\" \/><\/figure>\n","protected":false},"excerpt":{"rendered":"<p>O presidente da Assembleia Legislativa do Cear\u00e1, Evandro Leit\u00e3o (PDT), anunciou que ser\u00e1 exigida, a partir da pr\u00f3xima segunda-feira, dia 6 de dezembro, a apresenta\u00e7\u00e3o do comprovante de vacina\u00e7\u00e3o contra a Covid-19, com duas ou mais doses, a todos que ingressarem na Casa. Segundo ele, a decis\u00e3o foi tomada em reuni\u00e3o da Mesa Diretora e deve se estender a parlamentares, assessores, servidores, imprensa, colaboradores em geral e visitantes. Evandro Leit\u00e3o considerou que o surgimento da nova variante do coronav\u00edrus,&hellip;<\/p>\n","protected":false},"author":1,"featured_media":23638,"comment_status":"open","ping_status":"open","sticky":false,"template":"","format":"standard","meta":{"footnotes":""},"categories":[1],"tags":[],"class_list":["post-23637","post","type-post","status-publish","format-standard","has-post-thumbnail","hentry","category-noticias"],"_links":{"self":[{"href":"https:\/\/blogdorogeriogomes.com.br\/noticias\/wp-json\/wp\/v2\/posts\/23637","targetHints":{"allow":["GET"]}}],"collection":[{"href":"https:\/\/blogdorogeriogomes.com.br\/noticias\/wp-json\/wp\/v2\/posts"}],"about":[{"href":"https:\/\/blogdorogeriogomes.com.br\/noticias\/wp-json\/wp\/v2\/types\/post"}],"author":[{"embeddable":true,"href":"https:\/\/blogdorogeriogomes.com.br\/noticias\/wp-json\/wp\/v2\/users\/1"}],"replies":[{"embeddable":true,"href":"https:\/\/blogdorogeriogomes.com.br\/noticias\/wp-json\/wp\/v2\/comments?post=23637"}],"version-history":[{"count":1,"href":"https:\/\/blogdorogeriogomes.com.br\/noticias\/wp-json\/wp\/v2\/posts\/23637\/revisions"}],"predecessor-version":[{"id":23639,"href":"https:\/\/blogdorogeriogomes.com.br\/noticias\/wp-json\/wp\/v2\/posts\/23637\/revisions\/23639"}],"wp:featuredmedia":[{"embeddable":true,"href":"https:\/\/blogdorogeriogomes.com.br\/noticias\/wp-json\/wp\/v2\/media\/23638"}],"wp:attachment":[{"href":"https:\/\/blogdorogeriogomes.com.br\/noticias\/wp-json\/wp\/v2\/media?parent=23637"}],"wp:term":[{"taxonomy":"category","embeddable":true,"href":"https:\/\/blogdorogeriogomes.com.br\/noticias\/wp-json\/wp\/v2\/categories?post=23637"},{"taxonomy":"post_tag","embeddable":true,"href":"https:\/\/blogdorogeriogomes.com.br\/noticias\/wp-json\/wp\/v2\/tags?post=23637"}],"curies":[{"name":"wp","href":"https:\/\/api.w.org\/{rel}","templated":true}]}}