{"id":23640,"date":"2021-12-02T19:36:56","date_gmt":"2021-12-02T19:36:56","guid":{"rendered":"https:\/\/blogdorogeriogomes.com.br\/?p=23640"},"modified":"2021-12-03T11:39:20","modified_gmt":"2021-12-03T11:39:20","slug":"senado-aprova-pec-dos-precatorios-que-ainda-volta-para-analise-da-camara-dos-deputados","status":"publish","type":"post","link":"https:\/\/blogdorogeriogomes.com.br\/noticias\/2021\/12\/senado-aprova-pec-dos-precatorios-que-ainda-volta-para-analise-da-camara-dos-deputados\/","title":{"rendered":"Senado aprova PEC dos Precat\u00f3rios que ainda volta para an\u00e1lise da C\u00e2mara dos Deputados"},"content":{"rendered":"\n<p>O&nbsp;Senado Federal aprovou nesta quinta-feira, dia 2 de dezembro, a&nbsp;PEC dos Precat\u00f3rios, proposta pelo Governo Bolsonaro para garantir o programa Aux\u00edlio Brasil. A PEC abre&nbsp;espa\u00e7o de R$ 106 bilh\u00f5es no or\u00e7amento.<\/p>\n\n\n\n<p>A mat\u00e9ria j\u00e1 havia passado pela C\u00e2mara dos Deputados, mas como sofreu altera\u00e7\u00f5es na tramita\u00e7\u00e3o pelo Senado, ter\u00e1 de voltar a ser analisada pelos deputados federais.<\/p>\n\n\n\n<p>Os pagamentos do novo Aux\u00edlio Brasil come\u00e7aram no \u00faltimo dia 17 de novembro. O valor m\u00e9dio do Aux\u00edlio Brasil neste m\u00eas ser\u00e1 de R$ 224,41 por fam\u00edlia. O Governo Federal, no entanto, quer pagar R$ 400.&nbsp;<\/p>\n\n\n\n<figure class=\"wp-block-image size-large\"><img loading=\"lazy\" decoding=\"async\" width=\"684\" height=\"448\" src=\"https:\/\/blogdorogeriogomes.com.br\/wp-content\/uploads\/2021\/12\/images-51.jpeg\" alt=\"\" class=\"wp-image-23641\" srcset=\"https:\/\/blogdorogeriogomes.com.br\/noticias\/wp-content\/uploads\/2021\/12\/images-51.jpeg 684w, https:\/\/blogdorogeriogomes.com.br\/noticias\/wp-content\/uploads\/2021\/12\/images-51-300x196.jpeg 300w\" sizes=\"auto, (max-width: 684px) 100vw, 684px\" \/><\/figure>\n","protected":false},"excerpt":{"rendered":"<p>O&nbsp;Senado Federal aprovou nesta quinta-feira, dia 2 de dezembro, a&nbsp;PEC dos Precat\u00f3rios, proposta pelo Governo Bolsonaro para garantir o programa Aux\u00edlio Brasil. A PEC abre&nbsp;espa\u00e7o de R$ 106 bilh\u00f5es no or\u00e7amento. A mat\u00e9ria j\u00e1 havia passado pela C\u00e2mara dos Deputados, mas como sofreu altera\u00e7\u00f5es na tramita\u00e7\u00e3o pelo Senado, ter\u00e1 de voltar a ser analisada pelos deputados federais. Os pagamentos do novo Aux\u00edlio Brasil come\u00e7aram no \u00faltimo dia 17 de novembro. O valor m\u00e9dio do Aux\u00edlio Brasil neste m\u00eas ser\u00e1&hellip;<\/p>\n","protected":false},"author":1,"featured_media":23641,"comment_status":"open","ping_status":"open","sticky":false,"template":"","format":"standard","meta":{"footnotes":""},"categories":[1],"tags":[],"class_list":["post-23640","post","type-post","status-publish","format-standard","has-post-thumbnail","hentry","category-noticias"],"_links":{"self":[{"href":"https:\/\/blogdorogeriogomes.com.br\/noticias\/wp-json\/wp\/v2\/posts\/23640","targetHints":{"allow":["GET"]}}],"collection":[{"href":"https:\/\/blogdorogeriogomes.com.br\/noticias\/wp-json\/wp\/v2\/posts"}],"about":[{"href":"https:\/\/blogdorogeriogomes.com.br\/noticias\/wp-json\/wp\/v2\/types\/post"}],"author":[{"embeddable":true,"href":"https:\/\/blogdorogeriogomes.com.br\/noticias\/wp-json\/wp\/v2\/users\/1"}],"replies":[{"embeddable":true,"href":"https:\/\/blogdorogeriogomes.com.br\/noticias\/wp-json\/wp\/v2\/comments?post=23640"}],"version-history":[{"count":2,"href":"https:\/\/blogdorogeriogomes.com.br\/noticias\/wp-json\/wp\/v2\/posts\/23640\/revisions"}],"predecessor-version":[{"id":23651,"href":"https:\/\/blogdorogeriogomes.com.br\/noticias\/wp-json\/wp\/v2\/posts\/23640\/revisions\/23651"}],"wp:featuredmedia":[{"embeddable":true,"href":"https:\/\/blogdorogeriogomes.com.br\/noticias\/wp-json\/wp\/v2\/media\/23641"}],"wp:attachment":[{"href":"https:\/\/blogdorogeriogomes.com.br\/noticias\/wp-json\/wp\/v2\/media?parent=23640"}],"wp:term":[{"taxonomy":"category","embeddable":true,"href":"https:\/\/blogdorogeriogomes.com.br\/noticias\/wp-json\/wp\/v2\/categories?post=23640"},{"taxonomy":"post_tag","embeddable":true,"href":"https:\/\/blogdorogeriogomes.com.br\/noticias\/wp-json\/wp\/v2\/tags?post=23640"}],"curies":[{"name":"wp","href":"https:\/\/api.w.org\/{rel}","templated":true}]}}