{"id":23643,"date":"2021-12-03T10:07:09","date_gmt":"2021-12-03T10:07:09","guid":{"rendered":"https:\/\/blogdorogeriogomes.com.br\/?p=23643"},"modified":"2021-12-03T11:39:08","modified_gmt":"2021-12-03T11:39:08","slug":"cabo-sabino-e-expulso-da-pm-do-ceara-por-ter-liderado-motim-de-2020","status":"publish","type":"post","link":"https:\/\/blogdorogeriogomes.com.br\/noticias\/2021\/12\/cabo-sabino-e-expulso-da-pm-do-ceara-por-ter-liderado-motim-de-2020\/","title":{"rendered":"Cabo Sabino \u00e9 expulso da PM do Cear\u00e1 por ter liderado motim de 2020"},"content":{"rendered":"\n<p>Acusado de liderar o motim da PM no Cear\u00e1 em fevereiro de 2020, Cabo Sabino foi oficialmente expulso da corpora\u00e7\u00e3o. A Controladoria Geral de Disciplina dos \u00d3rg\u00e3os de Seguran\u00e7a P\u00fablica e Sistema Penitenci\u00e1rio do Cear\u00e1&nbsp;expulsou o policial militar em decis\u00e3o assinada pelo controlador Rodrigo Bona Carneiro. Cabo Sabino \u00e9 ex-deputado federal.<\/p>\n\n\n\n<p>Outros&nbsp;cinco PMs j\u00e1 foram exclu\u00eddos da corpora\u00e7\u00e3o e seis punidos com san\u00e7\u00f5es disciplinares por participa\u00e7\u00e3o no motim. Outros 351 policiais identificados por participa\u00e7\u00e3o continuam respondendo a processos administrativos disciplinares no Cear\u00e1.<\/p>\n\n\n\n<figure class=\"wp-block-image size-large\"><img loading=\"lazy\" decoding=\"async\" width=\"678\" height=\"452\" src=\"https:\/\/blogdorogeriogomes.com.br\/wp-content\/uploads\/2021\/12\/images.jpeg\" alt=\"\" class=\"wp-image-23644\" srcset=\"https:\/\/blogdorogeriogomes.com.br\/noticias\/wp-content\/uploads\/2021\/12\/images.jpeg 678w, https:\/\/blogdorogeriogomes.com.br\/noticias\/wp-content\/uploads\/2021\/12\/images-300x200.jpeg 300w\" sizes=\"auto, (max-width: 678px) 100vw, 678px\" \/><\/figure>\n","protected":false},"excerpt":{"rendered":"<p>Acusado de liderar o motim da PM no Cear\u00e1 em fevereiro de 2020, Cabo Sabino foi oficialmente expulso da corpora\u00e7\u00e3o. A Controladoria Geral de Disciplina dos \u00d3rg\u00e3os de Seguran\u00e7a P\u00fablica e Sistema Penitenci\u00e1rio do Cear\u00e1&nbsp;expulsou o policial militar em decis\u00e3o assinada pelo controlador Rodrigo Bona Carneiro. Cabo Sabino \u00e9 ex-deputado federal. Outros&nbsp;cinco PMs j\u00e1 foram exclu\u00eddos da corpora\u00e7\u00e3o e seis punidos com san\u00e7\u00f5es disciplinares por participa\u00e7\u00e3o no motim. Outros 351 policiais identificados por participa\u00e7\u00e3o continuam respondendo a processos administrativos&hellip;<\/p>\n","protected":false},"author":1,"featured_media":23644,"comment_status":"open","ping_status":"open","sticky":false,"template":"","format":"standard","meta":{"footnotes":""},"categories":[1],"tags":[],"class_list":["post-23643","post","type-post","status-publish","format-standard","has-post-thumbnail","hentry","category-noticias"],"_links":{"self":[{"href":"https:\/\/blogdorogeriogomes.com.br\/noticias\/wp-json\/wp\/v2\/posts\/23643","targetHints":{"allow":["GET"]}}],"collection":[{"href":"https:\/\/blogdorogeriogomes.com.br\/noticias\/wp-json\/wp\/v2\/posts"}],"about":[{"href":"https:\/\/blogdorogeriogomes.com.br\/noticias\/wp-json\/wp\/v2\/types\/post"}],"author":[{"embeddable":true,"href":"https:\/\/blogdorogeriogomes.com.br\/noticias\/wp-json\/wp\/v2\/users\/1"}],"replies":[{"embeddable":true,"href":"https:\/\/blogdorogeriogomes.com.br\/noticias\/wp-json\/wp\/v2\/comments?post=23643"}],"version-history":[{"count":2,"href":"https:\/\/blogdorogeriogomes.com.br\/noticias\/wp-json\/wp\/v2\/posts\/23643\/revisions"}],"predecessor-version":[{"id":23650,"href":"https:\/\/blogdorogeriogomes.com.br\/noticias\/wp-json\/wp\/v2\/posts\/23643\/revisions\/23650"}],"wp:featuredmedia":[{"embeddable":true,"href":"https:\/\/blogdorogeriogomes.com.br\/noticias\/wp-json\/wp\/v2\/media\/23644"}],"wp:attachment":[{"href":"https:\/\/blogdorogeriogomes.com.br\/noticias\/wp-json\/wp\/v2\/media?parent=23643"}],"wp:term":[{"taxonomy":"category","embeddable":true,"href":"https:\/\/blogdorogeriogomes.com.br\/noticias\/wp-json\/wp\/v2\/categories?post=23643"},{"taxonomy":"post_tag","embeddable":true,"href":"https:\/\/blogdorogeriogomes.com.br\/noticias\/wp-json\/wp\/v2\/tags?post=23643"}],"curies":[{"name":"wp","href":"https:\/\/api.w.org\/{rel}","templated":true}]}}