{"id":23653,"date":"2021-12-03T22:58:33","date_gmt":"2021-12-03T22:58:33","guid":{"rendered":"https:\/\/blogdorogeriogomes.com.br\/?p=23653"},"modified":"2021-12-06T10:29:37","modified_gmt":"2021-12-06T10:29:37","slug":"fortaleza-vai-reduzir-o-intervalo-da-terceira-dose-da-vacina-contra-covid-19-para-quatro-meses","status":"publish","type":"post","link":"https:\/\/blogdorogeriogomes.com.br\/noticias\/2021\/12\/fortaleza-vai-reduzir-o-intervalo-da-terceira-dose-da-vacina-contra-covid-19-para-quatro-meses\/","title":{"rendered":"Fortaleza vai reduzir o intervalo da terceira dose da vacina contra Covid-19 para quatro meses"},"content":{"rendered":"\n<p>O prefeito de Fortaleza, Jos\u00e9 Sarto, confirmou nesta sexta-feira, dia 3 de dezembro, que a Secretaria Municipal de Sa\u00fade vai reduzir para quatro meses o prazo para aplica\u00e7\u00e3o da dose de refor\u00e7o da vacina contra a Covid-19. A medida vale para quem j\u00e1 tinha cumprido o esquema vacinal completo com as duas doses. O prazo anterior era de seis meses.<\/p>\n\n\n\n<p>Cerca de 300 mil fortalezenses que receberiam a dose de refor\u00e7o somente a partir de janeiro, agora est\u00e3o aptos a ser beneficiados j\u00e1 neste m\u00eas de dezembro.<\/p>\n\n\n\n<p>Para o p\u00fablico que recebeu a dose \u00fanica da marca Janssen, a Prefeitura de Fortaleza segue com a recomenda\u00e7\u00e3o do Minist\u00e9rio da Sa\u00fade de aplicar uma segunda dose da mesma marca antes da dose de refor\u00e7o.<\/p>\n\n\n\n<figure class=\"wp-block-image size-large\"><img loading=\"lazy\" decoding=\"async\" width=\"723\" height=\"424\" src=\"https:\/\/blogdorogeriogomes.com.br\/wp-content\/uploads\/2021\/12\/images-2.jpeg\" alt=\"\" class=\"wp-image-23654\" srcset=\"https:\/\/blogdorogeriogomes.com.br\/noticias\/wp-content\/uploads\/2021\/12\/images-2.jpeg 723w, https:\/\/blogdorogeriogomes.com.br\/noticias\/wp-content\/uploads\/2021\/12\/images-2-300x176.jpeg 300w\" sizes=\"auto, (max-width: 723px) 100vw, 723px\" \/><\/figure>\n","protected":false},"excerpt":{"rendered":"<p>O prefeito de Fortaleza, Jos\u00e9 Sarto, confirmou nesta sexta-feira, dia 3 de dezembro, que a Secretaria Municipal de Sa\u00fade vai reduzir para quatro meses o prazo para aplica\u00e7\u00e3o da dose de refor\u00e7o da vacina contra a Covid-19. A medida vale para quem j\u00e1 tinha cumprido o esquema vacinal completo com as duas doses. O prazo anterior era de seis meses. Cerca de 300 mil fortalezenses que receberiam a dose de refor\u00e7o somente a partir de janeiro, agora est\u00e3o aptos&hellip;<\/p>\n","protected":false},"author":1,"featured_media":23654,"comment_status":"open","ping_status":"open","sticky":false,"template":"","format":"standard","meta":{"footnotes":""},"categories":[1],"tags":[],"class_list":["post-23653","post","type-post","status-publish","format-standard","has-post-thumbnail","hentry","category-noticias"],"_links":{"self":[{"href":"https:\/\/blogdorogeriogomes.com.br\/noticias\/wp-json\/wp\/v2\/posts\/23653","targetHints":{"allow":["GET"]}}],"collection":[{"href":"https:\/\/blogdorogeriogomes.com.br\/noticias\/wp-json\/wp\/v2\/posts"}],"about":[{"href":"https:\/\/blogdorogeriogomes.com.br\/noticias\/wp-json\/wp\/v2\/types\/post"}],"author":[{"embeddable":true,"href":"https:\/\/blogdorogeriogomes.com.br\/noticias\/wp-json\/wp\/v2\/users\/1"}],"replies":[{"embeddable":true,"href":"https:\/\/blogdorogeriogomes.com.br\/noticias\/wp-json\/wp\/v2\/comments?post=23653"}],"version-history":[{"count":1,"href":"https:\/\/blogdorogeriogomes.com.br\/noticias\/wp-json\/wp\/v2\/posts\/23653\/revisions"}],"predecessor-version":[{"id":23655,"href":"https:\/\/blogdorogeriogomes.com.br\/noticias\/wp-json\/wp\/v2\/posts\/23653\/revisions\/23655"}],"wp:featuredmedia":[{"embeddable":true,"href":"https:\/\/blogdorogeriogomes.com.br\/noticias\/wp-json\/wp\/v2\/media\/23654"}],"wp:attachment":[{"href":"https:\/\/blogdorogeriogomes.com.br\/noticias\/wp-json\/wp\/v2\/media?parent=23653"}],"wp:term":[{"taxonomy":"category","embeddable":true,"href":"https:\/\/blogdorogeriogomes.com.br\/noticias\/wp-json\/wp\/v2\/categories?post=23653"},{"taxonomy":"post_tag","embeddable":true,"href":"https:\/\/blogdorogeriogomes.com.br\/noticias\/wp-json\/wp\/v2\/tags?post=23653"}],"curies":[{"name":"wp","href":"https:\/\/api.w.org\/{rel}","templated":true}]}}