{"id":23656,"date":"2021-12-06T10:09:15","date_gmt":"2021-12-06T10:09:15","guid":{"rendered":"https:\/\/blogdorogeriogomes.com.br\/?p=23656"},"modified":"2021-12-06T10:29:12","modified_gmt":"2021-12-06T10:29:12","slug":"vicosa-do-ceara-e-barro-elegem-novos-prefeitos-em-pleito-suplementar-do-tre","status":"publish","type":"post","link":"https:\/\/blogdorogeriogomes.com.br\/noticias\/2021\/12\/vicosa-do-ceara-e-barro-elegem-novos-prefeitos-em-pleito-suplementar-do-tre\/","title":{"rendered":"Vi\u00e7osa do Cear\u00e1 e Barro elegem novos prefeitos em pleito suplementar do TRE"},"content":{"rendered":"\n<p>O Tribunal Regional Eleitoral do Cear\u00e1 realizou elei\u00e7\u00f5es suplementares em dois munic\u00edpios cearenses, neste domingo, dia 5 de dezembro. Os pleitos aconteceram nas cidades de Barro e Vi\u00e7osa do Cear\u00e1.<\/p>\n\n\n\n<p>Dr. George (MDB) foi eleito novo prefeito de Barro, na regi\u00e3o do Cariri. Ele obteve 6.886 votos, representando 56,92% do total de votos v\u00e1lidos do munic\u00edpio. A elei\u00e7\u00e3o ocorreu ap\u00f3s o TRE cassar, em agosto deste ano, os diplomas do prefeito e do vice-prefeito, Jos\u00e9 Marquin\u00e9lio Tavares (PSD) e Jos\u00e9 Vanderval Feitosa (PSD).<\/p>\n\n\n\n<p>Franci Rocha, do MDB, foi eleito prefeito do munic\u00edpio de Vi\u00e7osa do Cear\u00e1. Ele recebeu 52,56% dos votos v\u00e1lidos e derrotou o candidato Divaldo Soares, do PSD. Em Vi\u00e7osa do Cear\u00e1, o TRE tinha cassado o prefeito eleito Jos\u00e9 Firmino (MDB), e do vice, Marcelo Ferreira Moreira (MDB), por abuso de poder pol\u00edtico.<\/p>\n\n\n\n<figure class=\"wp-block-image size-large\"><img loading=\"lazy\" decoding=\"async\" width=\"430\" height=\"220\" src=\"https:\/\/blogdorogeriogomes.com.br\/wp-content\/uploads\/2021\/12\/images-3.jpeg\" alt=\"\" class=\"wp-image-23657\" srcset=\"https:\/\/blogdorogeriogomes.com.br\/noticias\/wp-content\/uploads\/2021\/12\/images-3.jpeg 430w, https:\/\/blogdorogeriogomes.com.br\/noticias\/wp-content\/uploads\/2021\/12\/images-3-300x153.jpeg 300w\" sizes=\"auto, (max-width: 430px) 100vw, 430px\" \/><\/figure>\n\n\n\n<p><\/p>\n","protected":false},"excerpt":{"rendered":"<p>O Tribunal Regional Eleitoral do Cear\u00e1 realizou elei\u00e7\u00f5es suplementares em dois munic\u00edpios cearenses, neste domingo, dia 5 de dezembro. Os pleitos aconteceram nas cidades de Barro e Vi\u00e7osa do Cear\u00e1. Dr. George (MDB) foi eleito novo prefeito de Barro, na regi\u00e3o do Cariri. Ele obteve 6.886 votos, representando 56,92% do total de votos v\u00e1lidos do munic\u00edpio. A elei\u00e7\u00e3o ocorreu ap\u00f3s o TRE cassar, em agosto deste ano, os diplomas do prefeito e do vice-prefeito, Jos\u00e9 Marquin\u00e9lio Tavares (PSD) e&hellip;<\/p>\n","protected":false},"author":1,"featured_media":23657,"comment_status":"open","ping_status":"open","sticky":false,"template":"","format":"standard","meta":{"footnotes":""},"categories":[1],"tags":[],"class_list":["post-23656","post","type-post","status-publish","format-standard","has-post-thumbnail","hentry","category-noticias"],"_links":{"self":[{"href":"https:\/\/blogdorogeriogomes.com.br\/noticias\/wp-json\/wp\/v2\/posts\/23656","targetHints":{"allow":["GET"]}}],"collection":[{"href":"https:\/\/blogdorogeriogomes.com.br\/noticias\/wp-json\/wp\/v2\/posts"}],"about":[{"href":"https:\/\/blogdorogeriogomes.com.br\/noticias\/wp-json\/wp\/v2\/types\/post"}],"author":[{"embeddable":true,"href":"https:\/\/blogdorogeriogomes.com.br\/noticias\/wp-json\/wp\/v2\/users\/1"}],"replies":[{"embeddable":true,"href":"https:\/\/blogdorogeriogomes.com.br\/noticias\/wp-json\/wp\/v2\/comments?post=23656"}],"version-history":[{"count":1,"href":"https:\/\/blogdorogeriogomes.com.br\/noticias\/wp-json\/wp\/v2\/posts\/23656\/revisions"}],"predecessor-version":[{"id":23658,"href":"https:\/\/blogdorogeriogomes.com.br\/noticias\/wp-json\/wp\/v2\/posts\/23656\/revisions\/23658"}],"wp:featuredmedia":[{"embeddable":true,"href":"https:\/\/blogdorogeriogomes.com.br\/noticias\/wp-json\/wp\/v2\/media\/23657"}],"wp:attachment":[{"href":"https:\/\/blogdorogeriogomes.com.br\/noticias\/wp-json\/wp\/v2\/media?parent=23656"}],"wp:term":[{"taxonomy":"category","embeddable":true,"href":"https:\/\/blogdorogeriogomes.com.br\/noticias\/wp-json\/wp\/v2\/categories?post=23656"},{"taxonomy":"post_tag","embeddable":true,"href":"https:\/\/blogdorogeriogomes.com.br\/noticias\/wp-json\/wp\/v2\/tags?post=23656"}],"curies":[{"name":"wp","href":"https:\/\/api.w.org\/{rel}","templated":true}]}}