{"id":23659,"date":"2021-12-06T10:28:48","date_gmt":"2021-12-06T10:28:48","guid":{"rendered":"https:\/\/blogdorogeriogomes.com.br\/?p=23659"},"modified":"2021-12-06T10:30:14","modified_gmt":"2021-12-06T10:30:14","slug":"prefeitura-de-fortaleza-inicia-matriculas-escolares-de-2022-nesta-segunda-feira","status":"publish","type":"post","link":"https:\/\/blogdorogeriogomes.com.br\/noticias\/2021\/12\/prefeitura-de-fortaleza-inicia-matriculas-escolares-de-2022-nesta-segunda-feira\/","title":{"rendered":"Prefeitura de Fortaleza inicia matr\u00edculas escolares de 2022 nesta segunda-feira"},"content":{"rendered":"\n<p>A Prefeitura de Fortaleza inicia as matr\u00edculas dos alunos novatos para o ano letivo de 2022 na rede municipal, nesta segunda-feira, dia 6 de dezembro, por meio eletr\u00f4nico, atrav\u00e9s do Sistema de Pr\u00e9-matr\u00edcula Virtual. Caso os pais e respons\u00e1veis tenham dificuldades de acesso \u00e0 internet, poder\u00e3o ter a op\u00e7\u00e3o da matr\u00edcula presencial em todas as unidades escolares.<\/p>\n\n\n\n<p>De acordo com o calend\u00e1rio de matr\u00edculas, de 6 a 15 de dezembro, pais ou respons\u00e1veis poder\u00e3o cadastrar o aluno, com a utiliza\u00e7\u00e3o do Sistema de Pr\u00e9-matr\u00edcula Virtual escolhendo at\u00e9 tr\u00eas op\u00e7\u00f5es de escolas pr\u00f3ximas da resid\u00eancia. Ser\u00e1 emitido um n\u00famero de protocolo.<\/p>\n\n\n\n<p>De 20 de dezembro a 7 de janeiro, o pai ou respons\u00e1vel receber\u00e1 o contato da gest\u00e3o da escola para o agendamento do atendimento presencial, quando ser\u00e3o apresentados os documentos do aluno e efetivada a matr\u00edcula.<\/p>\n\n\n\n<figure class=\"wp-block-image size-large\"><img loading=\"lazy\" decoding=\"async\" width=\"1024\" height=\"576\" src=\"https:\/\/blogdorogeriogomes.com.br\/wp-content\/uploads\/2021\/12\/colegio-4-1024x576.jpeg\" alt=\"\" class=\"wp-image-23660\" srcset=\"https:\/\/blogdorogeriogomes.com.br\/noticias\/wp-content\/uploads\/2021\/12\/colegio-4-1024x576.jpeg 1024w, https:\/\/blogdorogeriogomes.com.br\/noticias\/wp-content\/uploads\/2021\/12\/colegio-4-300x169.jpeg 300w, https:\/\/blogdorogeriogomes.com.br\/noticias\/wp-content\/uploads\/2021\/12\/colegio-4-768x432.jpeg 768w, https:\/\/blogdorogeriogomes.com.br\/noticias\/wp-content\/uploads\/2021\/12\/colegio-4-800x450.jpeg 800w, https:\/\/blogdorogeriogomes.com.br\/noticias\/wp-content\/uploads\/2021\/12\/colegio-4.jpeg 1080w\" sizes=\"auto, (max-width: 1024px) 100vw, 1024px\" \/><\/figure>\n","protected":false},"excerpt":{"rendered":"<p>A Prefeitura de Fortaleza inicia as matr\u00edculas dos alunos novatos para o ano letivo de 2022 na rede municipal, nesta segunda-feira, dia 6 de dezembro, por meio eletr\u00f4nico, atrav\u00e9s do Sistema de Pr\u00e9-matr\u00edcula Virtual. Caso os pais e respons\u00e1veis tenham dificuldades de acesso \u00e0 internet, poder\u00e3o ter a op\u00e7\u00e3o da matr\u00edcula presencial em todas as unidades escolares. De acordo com o calend\u00e1rio de matr\u00edculas, de 6 a 15 de dezembro, pais ou respons\u00e1veis poder\u00e3o cadastrar o aluno, com a&hellip;<\/p>\n","protected":false},"author":1,"featured_media":23660,"comment_status":"open","ping_status":"open","sticky":false,"template":"","format":"standard","meta":{"footnotes":""},"categories":[1],"tags":[],"class_list":["post-23659","post","type-post","status-publish","format-standard","has-post-thumbnail","hentry","category-noticias"],"_links":{"self":[{"href":"https:\/\/blogdorogeriogomes.com.br\/noticias\/wp-json\/wp\/v2\/posts\/23659","targetHints":{"allow":["GET"]}}],"collection":[{"href":"https:\/\/blogdorogeriogomes.com.br\/noticias\/wp-json\/wp\/v2\/posts"}],"about":[{"href":"https:\/\/blogdorogeriogomes.com.br\/noticias\/wp-json\/wp\/v2\/types\/post"}],"author":[{"embeddable":true,"href":"https:\/\/blogdorogeriogomes.com.br\/noticias\/wp-json\/wp\/v2\/users\/1"}],"replies":[{"embeddable":true,"href":"https:\/\/blogdorogeriogomes.com.br\/noticias\/wp-json\/wp\/v2\/comments?post=23659"}],"version-history":[{"count":1,"href":"https:\/\/blogdorogeriogomes.com.br\/noticias\/wp-json\/wp\/v2\/posts\/23659\/revisions"}],"predecessor-version":[{"id":23661,"href":"https:\/\/blogdorogeriogomes.com.br\/noticias\/wp-json\/wp\/v2\/posts\/23659\/revisions\/23661"}],"wp:featuredmedia":[{"embeddable":true,"href":"https:\/\/blogdorogeriogomes.com.br\/noticias\/wp-json\/wp\/v2\/media\/23660"}],"wp:attachment":[{"href":"https:\/\/blogdorogeriogomes.com.br\/noticias\/wp-json\/wp\/v2\/media?parent=23659"}],"wp:term":[{"taxonomy":"category","embeddable":true,"href":"https:\/\/blogdorogeriogomes.com.br\/noticias\/wp-json\/wp\/v2\/categories?post=23659"},{"taxonomy":"post_tag","embeddable":true,"href":"https:\/\/blogdorogeriogomes.com.br\/noticias\/wp-json\/wp\/v2\/tags?post=23659"}],"curies":[{"name":"wp","href":"https:\/\/api.w.org\/{rel}","templated":true}]}}