{"id":23662,"date":"2021-12-06T20:35:08","date_gmt":"2021-12-06T20:35:08","guid":{"rendered":"https:\/\/blogdorogeriogomes.com.br\/?p=23662"},"modified":"2021-12-07T20:39:46","modified_gmt":"2021-12-07T20:39:46","slug":"governo-estadual-anuncia-aumento-no-repasse-de-recursos-para-o-ijf-em-fortaleza","status":"publish","type":"post","link":"https:\/\/blogdorogeriogomes.com.br\/noticias\/2021\/12\/governo-estadual-anuncia-aumento-no-repasse-de-recursos-para-o-ijf-em-fortaleza\/","title":{"rendered":"Governo Estadual anuncia aumento no repasse de recursos para o IJF em Fortaleza"},"content":{"rendered":"\n<p>O repasse de verba do Governo do Cear\u00e1 ser\u00e1 ampliado para o Instituto Dr. Jos\u00e9 Frota (IJF), unidade municipal de sa\u00fade que \u00e9 refer\u00eancia no atendimento de urg\u00eancia e emerg\u00eancia na Regi\u00e3o Metropolitana de Fortaleza e no interior do Estado. O an\u00fancio do valor e dos crit\u00e9rios da nova pol\u00edtica foi feito pelo governador Camilo Santana, ao lado do prefeito Jos\u00e9 Sarto, nesta segunda-feira, dia 6 de dezembro.<\/p>\n\n\n\n<p>Atualmente, a unidade municipal de Fortaleza<div> possui 665 leitos nas torres 1 e 2. O custo mensal do hospital \u00e9 em torno de R$ 45 milh\u00f5es. Com o aumento, o repasse sai de R$ 1,8 milh\u00e3o mensal para R$ 6 milh\u00f5es, vindos do Tesouro do Estado.<\/div><\/p>\n\n\n\n<figure class=\"wp-block-image size-large\"><img loading=\"lazy\" decoding=\"async\" width=\"677\" height=\"453\" src=\"https:\/\/blogdorogeriogomes.com.br\/wp-content\/uploads\/2021\/12\/images-5.jpeg\" alt=\"\" class=\"wp-image-23663\" srcset=\"https:\/\/blogdorogeriogomes.com.br\/noticias\/wp-content\/uploads\/2021\/12\/images-5.jpeg 677w, https:\/\/blogdorogeriogomes.com.br\/noticias\/wp-content\/uploads\/2021\/12\/images-5-300x201.jpeg 300w\" sizes=\"auto, (max-width: 677px) 100vw, 677px\" \/><\/figure>\n","protected":false},"excerpt":{"rendered":"<p>O repasse de verba do Governo do Cear\u00e1 ser\u00e1 ampliado para o Instituto Dr. Jos\u00e9 Frota (IJF), unidade municipal de sa\u00fade que \u00e9 refer\u00eancia no atendimento de urg\u00eancia e emerg\u00eancia na Regi\u00e3o Metropolitana de Fortaleza e no interior do Estado. O an\u00fancio do valor e dos crit\u00e9rios da nova pol\u00edtica foi feito pelo governador Camilo Santana, ao lado do prefeito Jos\u00e9 Sarto, nesta segunda-feira, dia 6 de dezembro. Atualmente, a unidade municipal de Fortaleza possui 665 leitos nas torres&hellip;<\/p>\n","protected":false},"author":1,"featured_media":23663,"comment_status":"open","ping_status":"open","sticky":false,"template":"","format":"standard","meta":{"footnotes":""},"categories":[1],"tags":[],"class_list":["post-23662","post","type-post","status-publish","format-standard","has-post-thumbnail","hentry","category-noticias"],"_links":{"self":[{"href":"https:\/\/blogdorogeriogomes.com.br\/noticias\/wp-json\/wp\/v2\/posts\/23662","targetHints":{"allow":["GET"]}}],"collection":[{"href":"https:\/\/blogdorogeriogomes.com.br\/noticias\/wp-json\/wp\/v2\/posts"}],"about":[{"href":"https:\/\/blogdorogeriogomes.com.br\/noticias\/wp-json\/wp\/v2\/types\/post"}],"author":[{"embeddable":true,"href":"https:\/\/blogdorogeriogomes.com.br\/noticias\/wp-json\/wp\/v2\/users\/1"}],"replies":[{"embeddable":true,"href":"https:\/\/blogdorogeriogomes.com.br\/noticias\/wp-json\/wp\/v2\/comments?post=23662"}],"version-history":[{"count":2,"href":"https:\/\/blogdorogeriogomes.com.br\/noticias\/wp-json\/wp\/v2\/posts\/23662\/revisions"}],"predecessor-version":[{"id":23665,"href":"https:\/\/blogdorogeriogomes.com.br\/noticias\/wp-json\/wp\/v2\/posts\/23662\/revisions\/23665"}],"wp:featuredmedia":[{"embeddable":true,"href":"https:\/\/blogdorogeriogomes.com.br\/noticias\/wp-json\/wp\/v2\/media\/23663"}],"wp:attachment":[{"href":"https:\/\/blogdorogeriogomes.com.br\/noticias\/wp-json\/wp\/v2\/media?parent=23662"}],"wp:term":[{"taxonomy":"category","embeddable":true,"href":"https:\/\/blogdorogeriogomes.com.br\/noticias\/wp-json\/wp\/v2\/categories?post=23662"},{"taxonomy":"post_tag","embeddable":true,"href":"https:\/\/blogdorogeriogomes.com.br\/noticias\/wp-json\/wp\/v2\/tags?post=23662"}],"curies":[{"name":"wp","href":"https:\/\/api.w.org\/{rel}","templated":true}]}}