{"id":23666,"date":"2021-12-06T21:00:05","date_gmt":"2021-12-06T21:00:05","guid":{"rendered":"https:\/\/blogdorogeriogomes.com.br\/?p=23666"},"modified":"2021-12-07T20:39:22","modified_gmt":"2021-12-07T20:39:22","slug":"camilo-santana-diz-que-sergio-moro-queria-anistia-de-pms-que-participaram-do-motim-de-2020-a-resposta-foi-nao","status":"publish","type":"post","link":"https:\/\/blogdorogeriogomes.com.br\/noticias\/2021\/12\/camilo-santana-diz-que-sergio-moro-queria-anistia-de-pms-que-participaram-do-motim-de-2020-a-resposta-foi-nao\/","title":{"rendered":"Camilo Santana diz que Sergio Moro queria anistia de PMs que participaram do motim de 2020. A resposta foi n\u00e3o"},"content":{"rendered":"\n<p>Em entrevista \u00e0 R\u00e1dio O POVO\/CBN, nesta segunda-feira, dia 6 de dezembro, o ex-juiz Sergio Moro que agora aparece como presidenciavel pelo Podemos, criticou a postura do governador do Cear\u00e1, Camilo Santana, na condu\u00e7\u00e3o da crise da seguran\u00e7a p\u00fablica em fevereiro de 2020, quando PMs amotinados paralisaram as atividades no Estado. Moro disse que o governador fez &#8220;cr\u00edticas muito severas aos PMs, chegando ao ponto de romper com todas as pontes que existiam entre o governo do estado e a categoria&#8221;. Sergio Moro era o ministro da Justi\u00e7a do Governo Bolsonaro \u00e0 \u00e9poca. Segundo o ex-juiz, Camilo n\u00e3o estabeleceu di\u00e1logo com os PMs amotinados.<\/p>\n\n\n\n<p>\u00c0 tarde, o governador Camilo Santana respondeu \u00e0s provoca\u00e7\u00f5es de Sergio Moro, que agora \u00e9 desafeto do presidente Jair Bolsonaro com quem esteve aliado nos primeiros anos de governo. <\/p>\n\n\n\n<p>&#8220;Soube que o ex-ministro de Bolsonaro, S\u00e9rgio Moro, criticou em entrevista hoje que n\u00e3o tive di\u00e1logo com os encapuzados do motim criminoso no Cear\u00e1, em 2020. Logo ele, que veio \u00e0 \u00e9poca aqui e a \u00fanica a\u00e7\u00e3o foi propor anistia para os crimes cometidos. N\u00e3o aceitei! Di\u00e1logo \u00e9 uma marca que carrego comigo, sr Moro. Mas compactuar com atos criminosos, jamais!&#8221;, ressaltou o governador do Cear\u00e1, Camilo Santana.<\/p>\n\n\n\n<figure class=\"wp-block-image size-large\"><img loading=\"lazy\" decoding=\"async\" width=\"678\" height=\"452\" src=\"https:\/\/blogdorogeriogomes.com.br\/wp-content\/uploads\/2021\/12\/images-6.jpeg\" alt=\"\" class=\"wp-image-23667\" srcset=\"https:\/\/blogdorogeriogomes.com.br\/noticias\/wp-content\/uploads\/2021\/12\/images-6.jpeg 678w, https:\/\/blogdorogeriogomes.com.br\/noticias\/wp-content\/uploads\/2021\/12\/images-6-300x200.jpeg 300w\" sizes=\"auto, (max-width: 678px) 100vw, 678px\" \/><\/figure>\n","protected":false},"excerpt":{"rendered":"<p>Em entrevista \u00e0 R\u00e1dio O POVO\/CBN, nesta segunda-feira, dia 6 de dezembro, o ex-juiz Sergio Moro que agora aparece como presidenciavel pelo Podemos, criticou a postura do governador do Cear\u00e1, Camilo Santana, na condu\u00e7\u00e3o da crise da seguran\u00e7a p\u00fablica em fevereiro de 2020, quando PMs amotinados paralisaram as atividades no Estado. Moro disse que o governador fez &#8220;cr\u00edticas muito severas aos PMs, chegando ao ponto de romper com todas as pontes que existiam entre o governo do estado e&hellip;<\/p>\n","protected":false},"author":1,"featured_media":23667,"comment_status":"open","ping_status":"open","sticky":false,"template":"","format":"standard","meta":{"footnotes":""},"categories":[1],"tags":[],"class_list":["post-23666","post","type-post","status-publish","format-standard","has-post-thumbnail","hentry","category-noticias"],"_links":{"self":[{"href":"https:\/\/blogdorogeriogomes.com.br\/noticias\/wp-json\/wp\/v2\/posts\/23666","targetHints":{"allow":["GET"]}}],"collection":[{"href":"https:\/\/blogdorogeriogomes.com.br\/noticias\/wp-json\/wp\/v2\/posts"}],"about":[{"href":"https:\/\/blogdorogeriogomes.com.br\/noticias\/wp-json\/wp\/v2\/types\/post"}],"author":[{"embeddable":true,"href":"https:\/\/blogdorogeriogomes.com.br\/noticias\/wp-json\/wp\/v2\/users\/1"}],"replies":[{"embeddable":true,"href":"https:\/\/blogdorogeriogomes.com.br\/noticias\/wp-json\/wp\/v2\/comments?post=23666"}],"version-history":[{"count":1,"href":"https:\/\/blogdorogeriogomes.com.br\/noticias\/wp-json\/wp\/v2\/posts\/23666\/revisions"}],"predecessor-version":[{"id":23668,"href":"https:\/\/blogdorogeriogomes.com.br\/noticias\/wp-json\/wp\/v2\/posts\/23666\/revisions\/23668"}],"wp:featuredmedia":[{"embeddable":true,"href":"https:\/\/blogdorogeriogomes.com.br\/noticias\/wp-json\/wp\/v2\/media\/23667"}],"wp:attachment":[{"href":"https:\/\/blogdorogeriogomes.com.br\/noticias\/wp-json\/wp\/v2\/media?parent=23666"}],"wp:term":[{"taxonomy":"category","embeddable":true,"href":"https:\/\/blogdorogeriogomes.com.br\/noticias\/wp-json\/wp\/v2\/categories?post=23666"},{"taxonomy":"post_tag","embeddable":true,"href":"https:\/\/blogdorogeriogomes.com.br\/noticias\/wp-json\/wp\/v2\/tags?post=23666"}],"curies":[{"name":"wp","href":"https:\/\/api.w.org\/{rel}","templated":true}]}}