{"id":23675,"date":"2021-12-07T20:57:57","date_gmt":"2021-12-07T20:57:57","guid":{"rendered":"https:\/\/blogdorogeriogomes.com.br\/?p=23675"},"modified":"2021-12-08T12:09:56","modified_gmt":"2021-12-08T12:09:56","slug":"todos-os-municipios-cearenses-podem-antecipar-intervalo-da-dose-de-reforco-na-populacao-adulta-para-quatro-meses","status":"publish","type":"post","link":"https:\/\/blogdorogeriogomes.com.br\/noticias\/2021\/12\/todos-os-municipios-cearenses-podem-antecipar-intervalo-da-dose-de-reforco-na-populacao-adulta-para-quatro-meses\/","title":{"rendered":"Todos os munic\u00edpios cearenses podem antecipar intervalo da dose de refor\u00e7o na popula\u00e7\u00e3o adulta para quatro meses"},"content":{"rendered":"\n<p>O intervalo para aplica\u00e7\u00e3o da terceira dose em pessoas a partir de 18 anos no Cear\u00e1 ser\u00e1 reduzido de cinco para quatro meses. A decis\u00e3o foi confirmada nesta ter\u00e7a-feira, dia 7 de dezembro, durante a reuni\u00e3o da Comiss\u00e3o Intergestores Bipartite. A medida \u00e9 v\u00e1lida para quem completou o esquema vacinal (duas doses) com os imunizantes da CoronaVac, AstraZeneca e Pfizer. A dose de refor\u00e7o dever\u00e1 ser necessariamente desta \u00faltima vacina, independentemente das doses anteriores.<\/p>\n\n\n\n<p>Com a proximidade das festas de fim de ano, faz-se necess\u00e1rio tamb\u00e9m o refor\u00e7o na imunidade de pessoas que tomaram a segunda dose h\u00e1 mais tempo.&nbsp;A vacina\u00e7\u00e3o com dose de refor\u00e7o foi ampliada para toda a popula\u00e7\u00e3o adulta, visto que estudos mostraram amplifica\u00e7\u00e3o da resposta imune ap\u00f3s a terceira dose tanto na popula\u00e7\u00e3o com idade entre 18 e 59 anos, quanto nas pessoas com 60 anos ou mais.<\/p>\n\n\n\n<figure class=\"wp-block-image size-large\"><img loading=\"lazy\" decoding=\"async\" width=\"1024\" height=\"683\" src=\"https:\/\/blogdorogeriogomes.com.br\/wp-content\/uploads\/2021\/12\/210913_VACINACAO-CEC-JOVENS_HS4030FOTO-HELENE-SANTOS-1200x800-1-1024x683.jpeg\" alt=\"\" class=\"wp-image-23676\" srcset=\"https:\/\/blogdorogeriogomes.com.br\/noticias\/wp-content\/uploads\/2021\/12\/210913_VACINACAO-CEC-JOVENS_HS4030FOTO-HELENE-SANTOS-1200x800-1-1024x683.jpeg 1024w, https:\/\/blogdorogeriogomes.com.br\/noticias\/wp-content\/uploads\/2021\/12\/210913_VACINACAO-CEC-JOVENS_HS4030FOTO-HELENE-SANTOS-1200x800-1-300x200.jpeg 300w, https:\/\/blogdorogeriogomes.com.br\/noticias\/wp-content\/uploads\/2021\/12\/210913_VACINACAO-CEC-JOVENS_HS4030FOTO-HELENE-SANTOS-1200x800-1-768x512.jpeg 768w, https:\/\/blogdorogeriogomes.com.br\/noticias\/wp-content\/uploads\/2021\/12\/210913_VACINACAO-CEC-JOVENS_HS4030FOTO-HELENE-SANTOS-1200x800-1-800x533.jpeg 800w, https:\/\/blogdorogeriogomes.com.br\/noticias\/wp-content\/uploads\/2021\/12\/210913_VACINACAO-CEC-JOVENS_HS4030FOTO-HELENE-SANTOS-1200x800-1.jpeg 1200w\" sizes=\"auto, (max-width: 1024px) 100vw, 1024px\" \/><\/figure>\n","protected":false},"excerpt":{"rendered":"<p>O intervalo para aplica\u00e7\u00e3o da terceira dose em pessoas a partir de 18 anos no Cear\u00e1 ser\u00e1 reduzido de cinco para quatro meses. A decis\u00e3o foi confirmada nesta ter\u00e7a-feira, dia 7 de dezembro, durante a reuni\u00e3o da Comiss\u00e3o Intergestores Bipartite. A medida \u00e9 v\u00e1lida para quem completou o esquema vacinal (duas doses) com os imunizantes da CoronaVac, AstraZeneca e Pfizer. A dose de refor\u00e7o dever\u00e1 ser necessariamente desta \u00faltima vacina, independentemente das doses anteriores. Com a proximidade das festas&hellip;<\/p>\n","protected":false},"author":1,"featured_media":23676,"comment_status":"open","ping_status":"open","sticky":false,"template":"","format":"standard","meta":{"footnotes":""},"categories":[1],"tags":[],"class_list":["post-23675","post","type-post","status-publish","format-standard","has-post-thumbnail","hentry","category-noticias"],"_links":{"self":[{"href":"https:\/\/blogdorogeriogomes.com.br\/noticias\/wp-json\/wp\/v2\/posts\/23675","targetHints":{"allow":["GET"]}}],"collection":[{"href":"https:\/\/blogdorogeriogomes.com.br\/noticias\/wp-json\/wp\/v2\/posts"}],"about":[{"href":"https:\/\/blogdorogeriogomes.com.br\/noticias\/wp-json\/wp\/v2\/types\/post"}],"author":[{"embeddable":true,"href":"https:\/\/blogdorogeriogomes.com.br\/noticias\/wp-json\/wp\/v2\/users\/1"}],"replies":[{"embeddable":true,"href":"https:\/\/blogdorogeriogomes.com.br\/noticias\/wp-json\/wp\/v2\/comments?post=23675"}],"version-history":[{"count":2,"href":"https:\/\/blogdorogeriogomes.com.br\/noticias\/wp-json\/wp\/v2\/posts\/23675\/revisions"}],"predecessor-version":[{"id":23687,"href":"https:\/\/blogdorogeriogomes.com.br\/noticias\/wp-json\/wp\/v2\/posts\/23675\/revisions\/23687"}],"wp:featuredmedia":[{"embeddable":true,"href":"https:\/\/blogdorogeriogomes.com.br\/noticias\/wp-json\/wp\/v2\/media\/23676"}],"wp:attachment":[{"href":"https:\/\/blogdorogeriogomes.com.br\/noticias\/wp-json\/wp\/v2\/media?parent=23675"}],"wp:term":[{"taxonomy":"category","embeddable":true,"href":"https:\/\/blogdorogeriogomes.com.br\/noticias\/wp-json\/wp\/v2\/categories?post=23675"},{"taxonomy":"post_tag","embeddable":true,"href":"https:\/\/blogdorogeriogomes.com.br\/noticias\/wp-json\/wp\/v2\/tags?post=23675"}],"curies":[{"name":"wp","href":"https:\/\/api.w.org\/{rel}","templated":true}]}}