{"id":23681,"date":"2021-12-08T10:16:24","date_gmt":"2021-12-08T10:16:24","guid":{"rendered":"https:\/\/blogdorogeriogomes.com.br\/?p=23681"},"modified":"2021-12-08T12:09:41","modified_gmt":"2021-12-08T12:09:41","slug":"governo-bolsonaro-abre-mao-do-passaporte-da-vacina-para-controlar-acesso-de-estrangeiros-ao-brasil","status":"publish","type":"post","link":"https:\/\/blogdorogeriogomes.com.br\/noticias\/2021\/12\/governo-bolsonaro-abre-mao-do-passaporte-da-vacina-para-controlar-acesso-de-estrangeiros-ao-brasil\/","title":{"rendered":"Governo Bolsonaro abre m\u00e3o do passaporte da vacina para controlar acesso de estrangeiros ao Brasil"},"content":{"rendered":"\n<p>O Governo Bolsonaro, atrav\u00e9s do Minist\u00e9rio da Sa\u00fade, decidiu pela n\u00e3o ado\u00e7\u00e3o do passaporte da vacina para controlar o acesso de estrangeiros ao Pa\u00eds, devido ao aparecimento da variante \u00d4micron na \u00c1frica e na Europa. Esta era uma das recomenda\u00e7\u00f5es feitas desde novembro passado pela Anvisa (Ag\u00eancia Nacional de Vigil\u00e2ncia Sanit\u00e1ria).<\/p>\n\n\n\n<p>O Governo Bolsonaro anunciou que ir\u00e1 impor a quarentena de cinco dias e teste RT-PCR a viajantes n\u00e3o vacinados que queiram entrar no Pa\u00eds. O Minist\u00e9rio da Sa\u00fade, no entanto, n\u00e3o explica como ser\u00e1 feito o processo de isolamento dessas pessoas.<\/p>\n\n\n\n<p>Para completar, o ministro da Sa\u00fade, Marcelo Queiroga, que se preocupa mais em agradar o presidente Jair Bolsonaro do que cuidar da sa\u00fade dos brasileiros, saiu com esta p\u00e9rola: &#8220;Como diz o presidente, \u00e9 melhor perder a vida do que perder a liberdade&#8221;.<br><\/p>\n\n\n\n<figure class=\"wp-block-image size-large\"><img loading=\"lazy\" decoding=\"async\" width=\"984\" height=\"554\" src=\"https:\/\/blogdorogeriogomes.com.br\/wp-content\/uploads\/2021\/12\/passaporte-vacinal.jpg\" alt=\"\" class=\"wp-image-23682\" srcset=\"https:\/\/blogdorogeriogomes.com.br\/noticias\/wp-content\/uploads\/2021\/12\/passaporte-vacinal.jpg 984w, https:\/\/blogdorogeriogomes.com.br\/noticias\/wp-content\/uploads\/2021\/12\/passaporte-vacinal-300x169.jpg 300w, https:\/\/blogdorogeriogomes.com.br\/noticias\/wp-content\/uploads\/2021\/12\/passaporte-vacinal-768x432.jpg 768w, https:\/\/blogdorogeriogomes.com.br\/noticias\/wp-content\/uploads\/2021\/12\/passaporte-vacinal-800x450.jpg 800w\" sizes=\"auto, (max-width: 984px) 100vw, 984px\" \/><\/figure>\n\n\n\n<p><br><\/p>\n","protected":false},"excerpt":{"rendered":"<p>O Governo Bolsonaro, atrav\u00e9s do Minist\u00e9rio da Sa\u00fade, decidiu pela n\u00e3o ado\u00e7\u00e3o do passaporte da vacina para controlar o acesso de estrangeiros ao Pa\u00eds, devido ao aparecimento da variante \u00d4micron na \u00c1frica e na Europa. Esta era uma das recomenda\u00e7\u00f5es feitas desde novembro passado pela Anvisa (Ag\u00eancia Nacional de Vigil\u00e2ncia Sanit\u00e1ria). O Governo Bolsonaro anunciou que ir\u00e1 impor a quarentena de cinco dias e teste RT-PCR a viajantes n\u00e3o vacinados que queiram entrar no Pa\u00eds. O Minist\u00e9rio da Sa\u00fade,&hellip;<\/p>\n","protected":false},"author":1,"featured_media":23682,"comment_status":"open","ping_status":"open","sticky":false,"template":"","format":"standard","meta":{"footnotes":""},"categories":[1],"tags":[],"class_list":["post-23681","post","type-post","status-publish","format-standard","has-post-thumbnail","hentry","category-noticias"],"_links":{"self":[{"href":"https:\/\/blogdorogeriogomes.com.br\/noticias\/wp-json\/wp\/v2\/posts\/23681","targetHints":{"allow":["GET"]}}],"collection":[{"href":"https:\/\/blogdorogeriogomes.com.br\/noticias\/wp-json\/wp\/v2\/posts"}],"about":[{"href":"https:\/\/blogdorogeriogomes.com.br\/noticias\/wp-json\/wp\/v2\/types\/post"}],"author":[{"embeddable":true,"href":"https:\/\/blogdorogeriogomes.com.br\/noticias\/wp-json\/wp\/v2\/users\/1"}],"replies":[{"embeddable":true,"href":"https:\/\/blogdorogeriogomes.com.br\/noticias\/wp-json\/wp\/v2\/comments?post=23681"}],"version-history":[{"count":1,"href":"https:\/\/blogdorogeriogomes.com.br\/noticias\/wp-json\/wp\/v2\/posts\/23681\/revisions"}],"predecessor-version":[{"id":23683,"href":"https:\/\/blogdorogeriogomes.com.br\/noticias\/wp-json\/wp\/v2\/posts\/23681\/revisions\/23683"}],"wp:featuredmedia":[{"embeddable":true,"href":"https:\/\/blogdorogeriogomes.com.br\/noticias\/wp-json\/wp\/v2\/media\/23682"}],"wp:attachment":[{"href":"https:\/\/blogdorogeriogomes.com.br\/noticias\/wp-json\/wp\/v2\/media?parent=23681"}],"wp:term":[{"taxonomy":"category","embeddable":true,"href":"https:\/\/blogdorogeriogomes.com.br\/noticias\/wp-json\/wp\/v2\/categories?post=23681"},{"taxonomy":"post_tag","embeddable":true,"href":"https:\/\/blogdorogeriogomes.com.br\/noticias\/wp-json\/wp\/v2\/tags?post=23681"}],"curies":[{"name":"wp","href":"https:\/\/api.w.org\/{rel}","templated":true}]}}