{"id":23684,"date":"2021-12-08T10:39:34","date_gmt":"2021-12-08T10:39:34","guid":{"rendered":"https:\/\/blogdorogeriogomes.com.br\/?p=23684"},"modified":"2021-12-08T12:09:25","modified_gmt":"2021-12-08T12:09:25","slug":"senado-e-camara-entram-em-acordo-para-promulgar-parcialmente-a-pec-dos-precatorios-e-permitir-que-auxilio-brasil-passe-a-ser-pago-na-sexta-feira","status":"publish","type":"post","link":"https:\/\/blogdorogeriogomes.com.br\/noticias\/2021\/12\/senado-e-camara-entram-em-acordo-para-promulgar-parcialmente-a-pec-dos-precatorios-e-permitir-que-auxilio-brasil-passe-a-ser-pago-na-sexta-feira\/","title":{"rendered":"Senado e C\u00e2mara entram em acordo para promulgar parcialmente a PEC dos Precat\u00f3rios e permitir que Aux\u00edlio Brasil passe a ser pago na sexta-feira"},"content":{"rendered":"\n<p>Os presidentes do Senado, Rodrigo Pacheco, e da C\u00e2mara dos Deputados, Arthur Lira, anunciaram nesta ter\u00e7a-feira, dia 7 de dezembro, um acordo para promulga\u00e7\u00e3o parcial da PEC dos Precat\u00f3rios. O Congresso Nacional vai promulgar partes dos textos aprovados em comum pelas duas Casas.<\/p>\n\n\n\n<p>As demais partes ser\u00e3o votadas na pr\u00f3xima ter\u00e7a-feira, 14, pela C\u00e2mara dos Deputados em conjunto com uma outra proposta sobre precat\u00f3rios.<\/p>\n\n\n\n<p>O projeto deve abrir espa\u00e7o superior a R$ 106 bilh\u00f5es no or\u00e7amento, e uma parte desses recursos ser\u00e1 usada para bancar o Aux\u00edlio Brasil, que sucede o Bolsa Fam\u00edlia e deve ser R$ 400 mensais aos benefici\u00e1rios do programa.<\/p>\n\n\n\n<p>Assim, o Governo Federal publicou uma Medida Provis\u00f3ria que permite o pagamento do Aux\u00edlio Brasil. O novo valor j\u00e1 deve ser pago a partir desta sexta-feira, dia 10 de dezembro.<br><\/p>\n\n\n\n<figure class=\"wp-block-image size-large\"><img loading=\"lazy\" decoding=\"async\" width=\"1024\" height=\"492\" src=\"https:\/\/blogdorogeriogomes.com.br\/wp-content\/uploads\/2021\/12\/20211207211220_95288301-11a6-4d1a-8e39-e97b5eb26389-1024x492.jpg\" alt=\"\" class=\"wp-image-23685\" srcset=\"https:\/\/blogdorogeriogomes.com.br\/noticias\/wp-content\/uploads\/2021\/12\/20211207211220_95288301-11a6-4d1a-8e39-e97b5eb26389-1024x492.jpg 1024w, https:\/\/blogdorogeriogomes.com.br\/noticias\/wp-content\/uploads\/2021\/12\/20211207211220_95288301-11a6-4d1a-8e39-e97b5eb26389-300x144.jpg 300w, https:\/\/blogdorogeriogomes.com.br\/noticias\/wp-content\/uploads\/2021\/12\/20211207211220_95288301-11a6-4d1a-8e39-e97b5eb26389-768x369.jpg 768w, https:\/\/blogdorogeriogomes.com.br\/noticias\/wp-content\/uploads\/2021\/12\/20211207211220_95288301-11a6-4d1a-8e39-e97b5eb26389-800x384.jpg 800w, https:\/\/blogdorogeriogomes.com.br\/noticias\/wp-content\/uploads\/2021\/12\/20211207211220_95288301-11a6-4d1a-8e39-e97b5eb26389.jpg 1250w\" sizes=\"auto, (max-width: 1024px) 100vw, 1024px\" \/><\/figure>\n","protected":false},"excerpt":{"rendered":"<p>Os presidentes do Senado, Rodrigo Pacheco, e da C\u00e2mara dos Deputados, Arthur Lira, anunciaram nesta ter\u00e7a-feira, dia 7 de dezembro, um acordo para promulga\u00e7\u00e3o parcial da PEC dos Precat\u00f3rios. O Congresso Nacional vai promulgar partes dos textos aprovados em comum pelas duas Casas. As demais partes ser\u00e3o votadas na pr\u00f3xima ter\u00e7a-feira, 14, pela C\u00e2mara dos Deputados em conjunto com uma outra proposta sobre precat\u00f3rios. O projeto deve abrir espa\u00e7o superior a R$ 106 bilh\u00f5es no or\u00e7amento, e uma parte&hellip;<\/p>\n","protected":false},"author":1,"featured_media":23685,"comment_status":"open","ping_status":"open","sticky":false,"template":"","format":"standard","meta":{"footnotes":""},"categories":[1],"tags":[],"class_list":["post-23684","post","type-post","status-publish","format-standard","has-post-thumbnail","hentry","category-noticias"],"_links":{"self":[{"href":"https:\/\/blogdorogeriogomes.com.br\/noticias\/wp-json\/wp\/v2\/posts\/23684","targetHints":{"allow":["GET"]}}],"collection":[{"href":"https:\/\/blogdorogeriogomes.com.br\/noticias\/wp-json\/wp\/v2\/posts"}],"about":[{"href":"https:\/\/blogdorogeriogomes.com.br\/noticias\/wp-json\/wp\/v2\/types\/post"}],"author":[{"embeddable":true,"href":"https:\/\/blogdorogeriogomes.com.br\/noticias\/wp-json\/wp\/v2\/users\/1"}],"replies":[{"embeddable":true,"href":"https:\/\/blogdorogeriogomes.com.br\/noticias\/wp-json\/wp\/v2\/comments?post=23684"}],"version-history":[{"count":1,"href":"https:\/\/blogdorogeriogomes.com.br\/noticias\/wp-json\/wp\/v2\/posts\/23684\/revisions"}],"predecessor-version":[{"id":23686,"href":"https:\/\/blogdorogeriogomes.com.br\/noticias\/wp-json\/wp\/v2\/posts\/23684\/revisions\/23686"}],"wp:featuredmedia":[{"embeddable":true,"href":"https:\/\/blogdorogeriogomes.com.br\/noticias\/wp-json\/wp\/v2\/media\/23685"}],"wp:attachment":[{"href":"https:\/\/blogdorogeriogomes.com.br\/noticias\/wp-json\/wp\/v2\/media?parent=23684"}],"wp:term":[{"taxonomy":"category","embeddable":true,"href":"https:\/\/blogdorogeriogomes.com.br\/noticias\/wp-json\/wp\/v2\/categories?post=23684"},{"taxonomy":"post_tag","embeddable":true,"href":"https:\/\/blogdorogeriogomes.com.br\/noticias\/wp-json\/wp\/v2\/tags?post=23684"}],"curies":[{"name":"wp","href":"https:\/\/api.w.org\/{rel}","templated":true}]}}