{"id":23691,"date":"2021-12-08T12:31:03","date_gmt":"2021-12-08T12:31:03","guid":{"rendered":"https:\/\/blogdorogeriogomes.com.br\/?p=23691"},"modified":"2021-12-13T15:20:03","modified_gmt":"2021-12-13T15:20:03","slug":"instituto-olhar-promove-dia-d-de-combate-a-cegueira-causada-pela-retinopatia-diabetica","status":"publish","type":"post","link":"https:\/\/blogdorogeriogomes.com.br\/noticias\/2021\/12\/instituto-olhar-promove-dia-d-de-combate-a-cegueira-causada-pela-retinopatia-diabetica\/","title":{"rendered":"Instituto Olhar promove Dia D de combate \u00e0 cegueira causada pela Retinopatia Diab\u00e9tica"},"content":{"rendered":"\n<p>O Dia Nacional do Cego \u00e9 comemorado no pr\u00f3ximo dia 13 de dezembro. Uma data que convida a sociedade cearense para refletir um pouco sobre como \u00e9 a vida daquelas pessoas que s\u00e3o portadoras de defici\u00eancia visual ou que convivem com algum tipo de doen\u00e7a ocular: catarata, glaucoma e retinopatia diab\u00e9tica. <\/p>\n\n\n\n<p>H\u00e1 mais de 10 anos, o Instituto Olhar<br>realiza mutir\u00f5es da sa\u00fade ocular que identificam sempre novos casos de cegueira<br>irrevers\u00edvel ou baixa vis\u00e3o, essas a\u00e7\u00f5es refor\u00e7am cada vez mais a necessidade pela<br>inclus\u00e3o social dessas pessoas na luta pelo direito de ver.<br>Pensando nisso, no pr\u00f3ximo s\u00e1bado, dia 11 de dezembro, das 8 \u00e0s 12 horas, ser\u00e1 realizado um Dia D de combate \u00e0 retinopatia diab\u00e9tica, uma das principais<br>causas de cegueira evit\u00e1vel. O mutir\u00e3o deve atender tr\u00eas mil pessoas com exames<br>de mapeamento da retina na Rede Biocl\u00ednica, unidade do bairro Messejana em<br>Fortaleza. A iniciativa do Instituto Olhar busca orientar, conscientizar e mobilizar a<br>sociedade sobre os riscos do diabetes, principal causador da doen\u00e7a.<\/p>\n\n\n\n<p>O contato do Instituto Olhar \u00e9 (85) 3291-0330.<\/p>\n\n\n\n<figure class=\"wp-block-image size-large\"><img loading=\"lazy\" decoding=\"async\" width=\"750\" height=\"714\" src=\"https:\/\/blogdorogeriogomes.com.br\/wp-content\/uploads\/2021\/12\/IMG-20211130-WA0138.jpg\" alt=\"\" class=\"wp-image-23692\" srcset=\"https:\/\/blogdorogeriogomes.com.br\/noticias\/wp-content\/uploads\/2021\/12\/IMG-20211130-WA0138.jpg 750w, https:\/\/blogdorogeriogomes.com.br\/noticias\/wp-content\/uploads\/2021\/12\/IMG-20211130-WA0138-300x286.jpg 300w\" sizes=\"auto, (max-width: 750px) 100vw, 750px\" \/><\/figure>\n","protected":false},"excerpt":{"rendered":"<p>O Dia Nacional do Cego \u00e9 comemorado no pr\u00f3ximo dia 13 de dezembro. Uma data que convida a sociedade cearense para refletir um pouco sobre como \u00e9 a vida daquelas pessoas que s\u00e3o portadoras de defici\u00eancia visual ou que convivem com algum tipo de doen\u00e7a ocular: catarata, glaucoma e retinopatia diab\u00e9tica. H\u00e1 mais de 10 anos, o Instituto Olharrealiza mutir\u00f5es da sa\u00fade ocular que identificam sempre novos casos de cegueirairrevers\u00edvel ou baixa vis\u00e3o, essas a\u00e7\u00f5es refor\u00e7am cada vez mais&hellip;<\/p>\n","protected":false},"author":1,"featured_media":23692,"comment_status":"open","ping_status":"open","sticky":false,"template":"","format":"standard","meta":{"footnotes":""},"categories":[1],"tags":[],"class_list":["post-23691","post","type-post","status-publish","format-standard","has-post-thumbnail","hentry","category-noticias"],"_links":{"self":[{"href":"https:\/\/blogdorogeriogomes.com.br\/noticias\/wp-json\/wp\/v2\/posts\/23691","targetHints":{"allow":["GET"]}}],"collection":[{"href":"https:\/\/blogdorogeriogomes.com.br\/noticias\/wp-json\/wp\/v2\/posts"}],"about":[{"href":"https:\/\/blogdorogeriogomes.com.br\/noticias\/wp-json\/wp\/v2\/types\/post"}],"author":[{"embeddable":true,"href":"https:\/\/blogdorogeriogomes.com.br\/noticias\/wp-json\/wp\/v2\/users\/1"}],"replies":[{"embeddable":true,"href":"https:\/\/blogdorogeriogomes.com.br\/noticias\/wp-json\/wp\/v2\/comments?post=23691"}],"version-history":[{"count":1,"href":"https:\/\/blogdorogeriogomes.com.br\/noticias\/wp-json\/wp\/v2\/posts\/23691\/revisions"}],"predecessor-version":[{"id":23693,"href":"https:\/\/blogdorogeriogomes.com.br\/noticias\/wp-json\/wp\/v2\/posts\/23691\/revisions\/23693"}],"wp:featuredmedia":[{"embeddable":true,"href":"https:\/\/blogdorogeriogomes.com.br\/noticias\/wp-json\/wp\/v2\/media\/23692"}],"wp:attachment":[{"href":"https:\/\/blogdorogeriogomes.com.br\/noticias\/wp-json\/wp\/v2\/media?parent=23691"}],"wp:term":[{"taxonomy":"category","embeddable":true,"href":"https:\/\/blogdorogeriogomes.com.br\/noticias\/wp-json\/wp\/v2\/categories?post=23691"},{"taxonomy":"post_tag","embeddable":true,"href":"https:\/\/blogdorogeriogomes.com.br\/noticias\/wp-json\/wp\/v2\/tags?post=23691"}],"curies":[{"name":"wp","href":"https:\/\/api.w.org\/{rel}","templated":true}]}}