{"id":23701,"date":"2021-12-08T23:00:29","date_gmt":"2021-12-08T23:00:29","guid":{"rendered":"https:\/\/blogdorogeriogomes.com.br\/?p=23701"},"modified":"2021-12-13T15:19:19","modified_gmt":"2021-12-13T15:19:19","slug":"lula-reforca-a-tese-a-sindicalistas-que-pode-fazer-dobradinha-com-alckmin-para-2002","status":"publish","type":"post","link":"https:\/\/blogdorogeriogomes.com.br\/noticias\/2021\/12\/lula-reforca-a-tese-a-sindicalistas-que-pode-fazer-dobradinha-com-alckmin-para-2002\/","title":{"rendered":"Lula refor\u00e7a a tese a sindicalistas que pode fazer dobradinha com Alckmin para 2022"},"content":{"rendered":"\n<p>O ex-presidente Lula (PT) participou nesta quarta-feira, dia 8 de dezembro, do 9\u00ba Congresso da For\u00e7a Sindical, na sede do Sindicato dos Metal\u00fargicos de S\u00e3o Paulo. O evento \u00e9 representativo porque o petista recebeu o apoio de v\u00e1rios presidentes de centrais sindicais para concorrer \u00e0 Presid\u00eancia da Rep\u00fablica em 2022. L\u00edder das pesquisas eleitorais em todos os institutos, Lula admitiu publicamente, pela primeira vez, que deve sair candidato.<\/p>\n\n\n\n<p>E voltou refor\u00e7ar aos sindicalistas a tese de que pode fechar uma dobradinha com o ex-governador de S\u00e3o Paulo, Geraldo Alckmin, para ser o seu vice. Alckmin est\u00e1 de sa\u00edda do PSDB e deve seguir ou para o PSB ou para o PSD. As conversas entre Lula e Alckmin t\u00eam acontecido nos bastidores, mas uma defini\u00e7\u00e3o s\u00f3 deve ocorrer no in\u00edcio do pr\u00f3ximo ano. Geraldo Alckmin lidera as pesquisas para o Governo de S\u00e3o Paulo em 2022.<\/p>\n\n\n\n<p>PT e PSB conversam para definir composi\u00e7\u00f5es na disputa para governador em v\u00e1rios estados. Um acordo para as elei\u00e7\u00f5es presidenciais passa por concess\u00f5es que cada partido ter\u00e1 de fazer nas disputas regionais.<\/p>\n\n\n\n<figure class=\"wp-block-image size-large\"><img loading=\"lazy\" decoding=\"async\" width=\"1024\" height=\"576\" src=\"https:\/\/blogdorogeriogomes.com.br\/wp-content\/uploads\/2021\/12\/265139795-4541506472571307-2406324863225834759-n-1024x576.jpg\" alt=\"\" class=\"wp-image-23702\" srcset=\"https:\/\/blogdorogeriogomes.com.br\/noticias\/wp-content\/uploads\/2021\/12\/265139795-4541506472571307-2406324863225834759-n-1024x576.jpg 1024w, https:\/\/blogdorogeriogomes.com.br\/noticias\/wp-content\/uploads\/2021\/12\/265139795-4541506472571307-2406324863225834759-n-300x169.jpg 300w, https:\/\/blogdorogeriogomes.com.br\/noticias\/wp-content\/uploads\/2021\/12\/265139795-4541506472571307-2406324863225834759-n-768x432.jpg 768w, https:\/\/blogdorogeriogomes.com.br\/noticias\/wp-content\/uploads\/2021\/12\/265139795-4541506472571307-2406324863225834759-n-800x450.jpg 800w, https:\/\/blogdorogeriogomes.com.br\/noticias\/wp-content\/uploads\/2021\/12\/265139795-4541506472571307-2406324863225834759-n.jpg 1080w\" sizes=\"auto, (max-width: 1024px) 100vw, 1024px\" \/><\/figure>\n","protected":false},"excerpt":{"rendered":"<p>O ex-presidente Lula (PT) participou nesta quarta-feira, dia 8 de dezembro, do 9\u00ba Congresso da For\u00e7a Sindical, na sede do Sindicato dos Metal\u00fargicos de S\u00e3o Paulo. O evento \u00e9 representativo porque o petista recebeu o apoio de v\u00e1rios presidentes de centrais sindicais para concorrer \u00e0 Presid\u00eancia da Rep\u00fablica em 2022. L\u00edder das pesquisas eleitorais em todos os institutos, Lula admitiu publicamente, pela primeira vez, que deve sair candidato. E voltou refor\u00e7ar aos sindicalistas a tese de que pode fechar&hellip;<\/p>\n","protected":false},"author":1,"featured_media":23702,"comment_status":"open","ping_status":"open","sticky":false,"template":"","format":"standard","meta":{"footnotes":""},"categories":[1],"tags":[],"class_list":["post-23701","post","type-post","status-publish","format-standard","has-post-thumbnail","hentry","category-noticias"],"_links":{"self":[{"href":"https:\/\/blogdorogeriogomes.com.br\/noticias\/wp-json\/wp\/v2\/posts\/23701","targetHints":{"allow":["GET"]}}],"collection":[{"href":"https:\/\/blogdorogeriogomes.com.br\/noticias\/wp-json\/wp\/v2\/posts"}],"about":[{"href":"https:\/\/blogdorogeriogomes.com.br\/noticias\/wp-json\/wp\/v2\/types\/post"}],"author":[{"embeddable":true,"href":"https:\/\/blogdorogeriogomes.com.br\/noticias\/wp-json\/wp\/v2\/users\/1"}],"replies":[{"embeddable":true,"href":"https:\/\/blogdorogeriogomes.com.br\/noticias\/wp-json\/wp\/v2\/comments?post=23701"}],"version-history":[{"count":2,"href":"https:\/\/blogdorogeriogomes.com.br\/noticias\/wp-json\/wp\/v2\/posts\/23701\/revisions"}],"predecessor-version":[{"id":23704,"href":"https:\/\/blogdorogeriogomes.com.br\/noticias\/wp-json\/wp\/v2\/posts\/23701\/revisions\/23704"}],"wp:featuredmedia":[{"embeddable":true,"href":"https:\/\/blogdorogeriogomes.com.br\/noticias\/wp-json\/wp\/v2\/media\/23702"}],"wp:attachment":[{"href":"https:\/\/blogdorogeriogomes.com.br\/noticias\/wp-json\/wp\/v2\/media?parent=23701"}],"wp:term":[{"taxonomy":"category","embeddable":true,"href":"https:\/\/blogdorogeriogomes.com.br\/noticias\/wp-json\/wp\/v2\/categories?post=23701"},{"taxonomy":"post_tag","embeddable":true,"href":"https:\/\/blogdorogeriogomes.com.br\/noticias\/wp-json\/wp\/v2\/tags?post=23701"}],"curies":[{"name":"wp","href":"https:\/\/api.w.org\/{rel}","templated":true}]}}