{"id":23705,"date":"2021-12-09T10:38:27","date_gmt":"2021-12-09T10:38:27","guid":{"rendered":"https:\/\/blogdorogeriogomes.com.br\/?p=23705"},"modified":"2021-12-13T15:18:54","modified_gmt":"2021-12-13T15:18:54","slug":"camara-municipal-comeca-a-analisar-exigencia-do-passaporte-de-vacina-em-todas-as-reparticoes-publicas-de-fortaleza","status":"publish","type":"post","link":"https:\/\/blogdorogeriogomes.com.br\/noticias\/2021\/12\/camara-municipal-comeca-a-analisar-exigencia-do-passaporte-de-vacina-em-todas-as-reparticoes-publicas-de-fortaleza\/","title":{"rendered":"C\u00e2mara Municipal come\u00e7a a analisar exig\u00eancia do passaporte de vacina em todas as reparti\u00e7\u00f5es p\u00fablicas de Fortaleza"},"content":{"rendered":"\n<p>A Prefeitura de Fortaleza busca implementar a exig\u00eancia do passaporte de vacina\u00e7\u00e3o contra a Covid-19 em todas as reparti\u00e7\u00f5es p\u00fablicas municipais. Por isso, come\u00e7ou a tramitar o projeto de lei que estabelece&nbsp;a obrigatoriedade de apresenta\u00e7\u00e3o de comprovante na C\u00e2mara Municipal de Fortaleza. Agora, os vereadores discutem em regime de urg\u00eancia a&nbsp;medida enviada pelo prefeito Jos\u00e9 Sarto (PDT).<\/p>\n\n\n\n<p>Os vereadores da Capital tamb\u00e9m aprovaram a cria\u00e7\u00e3o de tr\u00eas novas secretarias na esfera municipal. A nova composi\u00e7\u00e3o faz parte de uma organiza\u00e7\u00e3o administrativa que n\u00e3o resultar\u00e1 em custo adicional para a Prefeitura, segundo afirmou o vereador Gardel Rolim (PDT), l\u00edder do prefeito Jos\u00e9 Sarto.<\/p>\n\n\n\n<p>As tr\u00eas novas secretarias eram coordenadorias e ganham novos status. Uma delas vai cuidar da primeira inf\u00e2ncia. Outra secretaria vai atuar na \u00e1rea de prote\u00e7\u00e3o e bem-estar animal e a terceira vai cuidar da juventude.&nbsp;<\/p>\n\n\n\n<figure class=\"wp-block-image size-large\"><img loading=\"lazy\" decoding=\"async\" width=\"800\" height=\"533\" src=\"https:\/\/blogdorogeriogomes.com.br\/wp-content\/uploads\/2021\/12\/mememe.jpg\" alt=\"\" class=\"wp-image-23706\" srcset=\"https:\/\/blogdorogeriogomes.com.br\/noticias\/wp-content\/uploads\/2021\/12\/mememe.jpg 800w, https:\/\/blogdorogeriogomes.com.br\/noticias\/wp-content\/uploads\/2021\/12\/mememe-300x200.jpg 300w, https:\/\/blogdorogeriogomes.com.br\/noticias\/wp-content\/uploads\/2021\/12\/mememe-768x512.jpg 768w\" sizes=\"auto, (max-width: 800px) 100vw, 800px\" \/><\/figure>\n","protected":false},"excerpt":{"rendered":"<p>A Prefeitura de Fortaleza busca implementar a exig\u00eancia do passaporte de vacina\u00e7\u00e3o contra a Covid-19 em todas as reparti\u00e7\u00f5es p\u00fablicas municipais. Por isso, come\u00e7ou a tramitar o projeto de lei que estabelece&nbsp;a obrigatoriedade de apresenta\u00e7\u00e3o de comprovante na C\u00e2mara Municipal de Fortaleza. Agora, os vereadores discutem em regime de urg\u00eancia a&nbsp;medida enviada pelo prefeito Jos\u00e9 Sarto (PDT). Os vereadores da Capital tamb\u00e9m aprovaram a cria\u00e7\u00e3o de tr\u00eas novas secretarias na esfera municipal. A nova composi\u00e7\u00e3o faz parte de uma&hellip;<\/p>\n","protected":false},"author":1,"featured_media":23706,"comment_status":"open","ping_status":"open","sticky":false,"template":"","format":"standard","meta":{"footnotes":""},"categories":[1],"tags":[],"class_list":["post-23705","post","type-post","status-publish","format-standard","has-post-thumbnail","hentry","category-noticias"],"_links":{"self":[{"href":"https:\/\/blogdorogeriogomes.com.br\/noticias\/wp-json\/wp\/v2\/posts\/23705","targetHints":{"allow":["GET"]}}],"collection":[{"href":"https:\/\/blogdorogeriogomes.com.br\/noticias\/wp-json\/wp\/v2\/posts"}],"about":[{"href":"https:\/\/blogdorogeriogomes.com.br\/noticias\/wp-json\/wp\/v2\/types\/post"}],"author":[{"embeddable":true,"href":"https:\/\/blogdorogeriogomes.com.br\/noticias\/wp-json\/wp\/v2\/users\/1"}],"replies":[{"embeddable":true,"href":"https:\/\/blogdorogeriogomes.com.br\/noticias\/wp-json\/wp\/v2\/comments?post=23705"}],"version-history":[{"count":2,"href":"https:\/\/blogdorogeriogomes.com.br\/noticias\/wp-json\/wp\/v2\/posts\/23705\/revisions"}],"predecessor-version":[{"id":23751,"href":"https:\/\/blogdorogeriogomes.com.br\/noticias\/wp-json\/wp\/v2\/posts\/23705\/revisions\/23751"}],"wp:featuredmedia":[{"embeddable":true,"href":"https:\/\/blogdorogeriogomes.com.br\/noticias\/wp-json\/wp\/v2\/media\/23706"}],"wp:attachment":[{"href":"https:\/\/blogdorogeriogomes.com.br\/noticias\/wp-json\/wp\/v2\/media?parent=23705"}],"wp:term":[{"taxonomy":"category","embeddable":true,"href":"https:\/\/blogdorogeriogomes.com.br\/noticias\/wp-json\/wp\/v2\/categories?post=23705"},{"taxonomy":"post_tag","embeddable":true,"href":"https:\/\/blogdorogeriogomes.com.br\/noticias\/wp-json\/wp\/v2\/tags?post=23705"}],"curies":[{"name":"wp","href":"https:\/\/api.w.org\/{rel}","templated":true}]}}