{"id":23711,"date":"2021-12-09T19:13:23","date_gmt":"2021-12-09T19:13:23","guid":{"rendered":"https:\/\/blogdorogeriogomes.com.br\/?p=23711"},"modified":"2021-12-13T15:18:29","modified_gmt":"2021-12-13T15:18:29","slug":"recuperacao-do-pv-esta-com-95-dos-servicos-concluidos-diz-jose-sarto","status":"publish","type":"post","link":"https:\/\/blogdorogeriogomes.com.br\/noticias\/2021\/12\/recuperacao-do-pv-esta-com-95-dos-servicos-concluidos-diz-jose-sarto\/","title":{"rendered":"Recupera\u00e7\u00e3o do PV est\u00e1 com 95% dos servi\u00e7os conclu\u00eddos, diz Jos\u00e9 Sarto"},"content":{"rendered":"\n<p>Para os fortalezenses que gostam de futebol, uma boa not\u00edcia. O prefeito de Fortaleza, Jos\u00e9 Sarto, visitou as obras do Est\u00e1dio Presidente Vargas, nesta quinta-feira, dia 9 de dezembro. Segundo Sarto, as obras chegaram a 95% dos servi\u00e7os conclu\u00eddos. Em 2020, o PV foi utilizado para o Hospital de Campanha que recebeu pacientes com a Covid-19. Ap\u00f3s a desmontagem do equipamento, o gramado ficou danificado.<\/p>\n\n\n\n<p>O trabalho de recupera\u00e7\u00e3o do est\u00e1dio tamb\u00e9m inclui a manuten\u00e7\u00e3o nos vesti\u00e1rios, moderniza\u00e7\u00e3o da ilumina\u00e7\u00e3o e melhoria das estruturas met\u00e1licas. Com um investimento de R$ 2,5 milh\u00f5es, a obra de requalifica\u00e7\u00e3o do campo possibilitar\u00e1 o retorno dos treinos e competi\u00e7\u00f5es oficiais de futebol a partir do primeiro semestre de 2022.<\/p>\n\n\n\n<p>As obras iniciaram em julho deste ano. Atualmente, j\u00e1 est\u00e3o conclu\u00eddos os servi\u00e7os de demoli\u00e7\u00e3o do piso provis\u00f3rio em concreto, remo\u00e7\u00e3o do antigo gramado, escava\u00e7\u00e3o e o novo sistema de drenagem.<\/p>\n\n\n\n<figure class=\"wp-block-image size-large\"><img loading=\"lazy\" decoding=\"async\" width=\"1024\" height=\"602\" src=\"https:\/\/blogdorogeriogomes.com.br\/wp-content\/uploads\/2021\/12\/09-12-2021-Visita-obras-do-gramado-do-Estadio-Presidente-Vargas-3-1024x602.jpg\" alt=\"\" class=\"wp-image-23712\" srcset=\"https:\/\/blogdorogeriogomes.com.br\/noticias\/wp-content\/uploads\/2021\/12\/09-12-2021-Visita-obras-do-gramado-do-Estadio-Presidente-Vargas-3-1024x602.jpg 1024w, https:\/\/blogdorogeriogomes.com.br\/noticias\/wp-content\/uploads\/2021\/12\/09-12-2021-Visita-obras-do-gramado-do-Estadio-Presidente-Vargas-3-300x176.jpg 300w, https:\/\/blogdorogeriogomes.com.br\/noticias\/wp-content\/uploads\/2021\/12\/09-12-2021-Visita-obras-do-gramado-do-Estadio-Presidente-Vargas-3-768x451.jpg 768w, https:\/\/blogdorogeriogomes.com.br\/noticias\/wp-content\/uploads\/2021\/12\/09-12-2021-Visita-obras-do-gramado-do-Estadio-Presidente-Vargas-3-800x470.jpg 800w, https:\/\/blogdorogeriogomes.com.br\/noticias\/wp-content\/uploads\/2021\/12\/09-12-2021-Visita-obras-do-gramado-do-Estadio-Presidente-Vargas-3.jpg 1280w\" sizes=\"auto, (max-width: 1024px) 100vw, 1024px\" \/><\/figure>\n","protected":false},"excerpt":{"rendered":"<p>Para os fortalezenses que gostam de futebol, uma boa not\u00edcia. O prefeito de Fortaleza, Jos\u00e9 Sarto, visitou as obras do Est\u00e1dio Presidente Vargas, nesta quinta-feira, dia 9 de dezembro. Segundo Sarto, as obras chegaram a 95% dos servi\u00e7os conclu\u00eddos. Em 2020, o PV foi utilizado para o Hospital de Campanha que recebeu pacientes com a Covid-19. Ap\u00f3s a desmontagem do equipamento, o gramado ficou danificado. O trabalho de recupera\u00e7\u00e3o do est\u00e1dio tamb\u00e9m inclui a manuten\u00e7\u00e3o nos vesti\u00e1rios, moderniza\u00e7\u00e3o da&hellip;<\/p>\n","protected":false},"author":1,"featured_media":23712,"comment_status":"open","ping_status":"open","sticky":false,"template":"","format":"standard","meta":{"footnotes":""},"categories":[1],"tags":[],"class_list":["post-23711","post","type-post","status-publish","format-standard","has-post-thumbnail","hentry","category-noticias"],"_links":{"self":[{"href":"https:\/\/blogdorogeriogomes.com.br\/noticias\/wp-json\/wp\/v2\/posts\/23711","targetHints":{"allow":["GET"]}}],"collection":[{"href":"https:\/\/blogdorogeriogomes.com.br\/noticias\/wp-json\/wp\/v2\/posts"}],"about":[{"href":"https:\/\/blogdorogeriogomes.com.br\/noticias\/wp-json\/wp\/v2\/types\/post"}],"author":[{"embeddable":true,"href":"https:\/\/blogdorogeriogomes.com.br\/noticias\/wp-json\/wp\/v2\/users\/1"}],"replies":[{"embeddable":true,"href":"https:\/\/blogdorogeriogomes.com.br\/noticias\/wp-json\/wp\/v2\/comments?post=23711"}],"version-history":[{"count":1,"href":"https:\/\/blogdorogeriogomes.com.br\/noticias\/wp-json\/wp\/v2\/posts\/23711\/revisions"}],"predecessor-version":[{"id":23713,"href":"https:\/\/blogdorogeriogomes.com.br\/noticias\/wp-json\/wp\/v2\/posts\/23711\/revisions\/23713"}],"wp:featuredmedia":[{"embeddable":true,"href":"https:\/\/blogdorogeriogomes.com.br\/noticias\/wp-json\/wp\/v2\/media\/23712"}],"wp:attachment":[{"href":"https:\/\/blogdorogeriogomes.com.br\/noticias\/wp-json\/wp\/v2\/media?parent=23711"}],"wp:term":[{"taxonomy":"category","embeddable":true,"href":"https:\/\/blogdorogeriogomes.com.br\/noticias\/wp-json\/wp\/v2\/categories?post=23711"},{"taxonomy":"post_tag","embeddable":true,"href":"https:\/\/blogdorogeriogomes.com.br\/noticias\/wp-json\/wp\/v2\/tags?post=23711"}],"curies":[{"name":"wp","href":"https:\/\/api.w.org\/{rel}","templated":true}]}}