{"id":23721,"date":"2021-12-10T10:44:55","date_gmt":"2021-12-10T10:44:55","guid":{"rendered":"https:\/\/blogdorogeriogomes.com.br\/?p=23721"},"modified":"2021-12-13T15:17:57","modified_gmt":"2021-12-13T15:17:57","slug":"governo-estadual-premia-11-mil-alunos-da-rede-publica-com-notebooks-pelo-bom-desempenho","status":"publish","type":"post","link":"https:\/\/blogdorogeriogomes.com.br\/noticias\/2021\/12\/governo-estadual-premia-11-mil-alunos-da-rede-publica-com-notebooks-pelo-bom-desempenho\/","title":{"rendered":"Governo Estadual premia 11 mil alunos da rede p\u00fablica com notebooks pelo bom desempenho"},"content":{"rendered":"\n<p>O governador Camilo Santana entregou oficialmente os notebooks, adquiridos pelo Governo do Cear\u00e1, aos alunos do Ensino M\u00e9dio da rede p\u00fablica estadual que se destacaram pelo bom desempenho em sala de aula. Foram mais de 10 mil alunos contemplados. Com R$ 20,4 milh\u00f5es em investimento, a premia\u00e7\u00e3o \u00e9 um reconhecimento \u00e0 dedica\u00e7\u00e3o e esfor\u00e7o de jovens que se destacaram pelo desempenho acad\u00eamico na rede estadual de ensino.<\/p>\n\n\n\n<p>Do total geral, 2.613 s\u00e3o de Fortaleza e 8.297 s\u00e3o premiados das 20 Coordenadorias Regionais de Desenvolvimento da Educa\u00e7\u00e3o (Credes). Receberam a premia\u00e7\u00e3o alunos das 1\u00aa, 2\u00aa e 3\u00aa s\u00e9ries do Ensino M\u00e9dio, incluindo os da Educa\u00e7\u00e3o de Jovens e Adultos do n\u00edvel m\u00e9dio (EJA \u2013 M\u00e9dio).<\/p>\n\n\n\n<p>A cerim\u00f4nia de entrega dos pr\u00eamios foi realizada para 400 representantes escolares, no Centro de Eventos do Cear\u00e1, em Fortaleza. &#8220;Nenhum pa\u00eds do mundo cresceu, se desenvolveu e deu oportunidades sem ter investido na educa\u00e7\u00e3o. E \u00e9 o que o Cear\u00e1 tem feito, com todas as dificuldades que voc\u00eas possam imaginar, mas \u00e9 um orgulho para todos n\u00f3s, independentemente de ideologia e pol\u00edtica, imaginar que o Cear\u00e1 hoje \u00e9 uma refer\u00eancia&#8221;, destacou o governador Camilo Santana.<\/p>\n\n\n\n<p>No Ideb para o Ensino M\u00e9dio, o Cear\u00e1 conta hoje com 21 escolas entre as 100 melhores do pa\u00eds. Al\u00e9m disso, das 100 escolas de ensino m\u00e9dio com bons resultados de aprendizagem e que atendem alunos com baixo n\u00edvel socioecon\u00f4mico, 55 s\u00e3o do Cear\u00e1, de acordo com o estudo sobre a qualidade do ensino m\u00e9dio realizado pelas institui\u00e7\u00f5es Interdisciplinaridade e Evid\u00eancias no Debate Educacional (Iede), Funda\u00e7\u00e3o Lemann, Instituto Unibanco e Ita\u00fa BBA.<\/p>\n\n\n\n<figure class=\"wp-block-image size-large\"><img loading=\"lazy\" decoding=\"async\" width=\"1024\" height=\"683\" src=\"https:\/\/blogdorogeriogomes.com.br\/wp-content\/uploads\/2021\/12\/211209_GOV-ENTREGA-NOTEBOOKS-CEC_HS3855-1200x800-1-1024x683.jpg\" alt=\"\" class=\"wp-image-23722\" srcset=\"https:\/\/blogdorogeriogomes.com.br\/noticias\/wp-content\/uploads\/2021\/12\/211209_GOV-ENTREGA-NOTEBOOKS-CEC_HS3855-1200x800-1-1024x683.jpg 1024w, https:\/\/blogdorogeriogomes.com.br\/noticias\/wp-content\/uploads\/2021\/12\/211209_GOV-ENTREGA-NOTEBOOKS-CEC_HS3855-1200x800-1-300x200.jpg 300w, https:\/\/blogdorogeriogomes.com.br\/noticias\/wp-content\/uploads\/2021\/12\/211209_GOV-ENTREGA-NOTEBOOKS-CEC_HS3855-1200x800-1-768x512.jpg 768w, https:\/\/blogdorogeriogomes.com.br\/noticias\/wp-content\/uploads\/2021\/12\/211209_GOV-ENTREGA-NOTEBOOKS-CEC_HS3855-1200x800-1-800x533.jpg 800w, https:\/\/blogdorogeriogomes.com.br\/noticias\/wp-content\/uploads\/2021\/12\/211209_GOV-ENTREGA-NOTEBOOKS-CEC_HS3855-1200x800-1.jpg 1200w\" sizes=\"auto, (max-width: 1024px) 100vw, 1024px\" \/><\/figure>\n","protected":false},"excerpt":{"rendered":"<p>O governador Camilo Santana entregou oficialmente os notebooks, adquiridos pelo Governo do Cear\u00e1, aos alunos do Ensino M\u00e9dio da rede p\u00fablica estadual que se destacaram pelo bom desempenho em sala de aula. Foram mais de 10 mil alunos contemplados. Com R$ 20,4 milh\u00f5es em investimento, a premia\u00e7\u00e3o \u00e9 um reconhecimento \u00e0 dedica\u00e7\u00e3o e esfor\u00e7o de jovens que se destacaram pelo desempenho acad\u00eamico na rede estadual de ensino. Do total geral, 2.613 s\u00e3o de Fortaleza e 8.297 s\u00e3o premiados das&hellip;<\/p>\n","protected":false},"author":1,"featured_media":23722,"comment_status":"open","ping_status":"open","sticky":false,"template":"","format":"standard","meta":{"footnotes":""},"categories":[1],"tags":[],"class_list":["post-23721","post","type-post","status-publish","format-standard","has-post-thumbnail","hentry","category-noticias"],"_links":{"self":[{"href":"https:\/\/blogdorogeriogomes.com.br\/noticias\/wp-json\/wp\/v2\/posts\/23721","targetHints":{"allow":["GET"]}}],"collection":[{"href":"https:\/\/blogdorogeriogomes.com.br\/noticias\/wp-json\/wp\/v2\/posts"}],"about":[{"href":"https:\/\/blogdorogeriogomes.com.br\/noticias\/wp-json\/wp\/v2\/types\/post"}],"author":[{"embeddable":true,"href":"https:\/\/blogdorogeriogomes.com.br\/noticias\/wp-json\/wp\/v2\/users\/1"}],"replies":[{"embeddable":true,"href":"https:\/\/blogdorogeriogomes.com.br\/noticias\/wp-json\/wp\/v2\/comments?post=23721"}],"version-history":[{"count":1,"href":"https:\/\/blogdorogeriogomes.com.br\/noticias\/wp-json\/wp\/v2\/posts\/23721\/revisions"}],"predecessor-version":[{"id":23723,"href":"https:\/\/blogdorogeriogomes.com.br\/noticias\/wp-json\/wp\/v2\/posts\/23721\/revisions\/23723"}],"wp:featuredmedia":[{"embeddable":true,"href":"https:\/\/blogdorogeriogomes.com.br\/noticias\/wp-json\/wp\/v2\/media\/23722"}],"wp:attachment":[{"href":"https:\/\/blogdorogeriogomes.com.br\/noticias\/wp-json\/wp\/v2\/media?parent=23721"}],"wp:term":[{"taxonomy":"category","embeddable":true,"href":"https:\/\/blogdorogeriogomes.com.br\/noticias\/wp-json\/wp\/v2\/categories?post=23721"},{"taxonomy":"post_tag","embeddable":true,"href":"https:\/\/blogdorogeriogomes.com.br\/noticias\/wp-json\/wp\/v2\/tags?post=23721"}],"curies":[{"name":"wp","href":"https:\/\/api.w.org\/{rel}","templated":true}]}}