{"id":23724,"date":"2021-12-10T13:26:36","date_gmt":"2021-12-10T13:26:36","guid":{"rendered":"https:\/\/blogdorogeriogomes.com.br\/?p=23724"},"modified":"2021-12-13T15:17:46","modified_gmt":"2021-12-13T15:17:46","slug":"assembleia-legislativa-inaugura-complexo-de-servicos-na-proxima-segunda-feira","status":"publish","type":"post","link":"https:\/\/blogdorogeriogomes.com.br\/noticias\/2021\/12\/assembleia-legislativa-inaugura-complexo-de-servicos-na-proxima-segunda-feira\/","title":{"rendered":"Assembleia Legislativa inaugura Complexo de Servi\u00e7os na pr\u00f3xima segunda-feira"},"content":{"rendered":"\n<p>A Assembleia Legislativa do Estado do Cear\u00e1 inaugura nesta segunda-feira, dia 13 de dezembro, \u00e0s 9 horas, o Edif\u00edcio Deputado Francisco das Chagas Albuquerque \u2013 Anexo 3. O complexo re\u00fane servi\u00e7os ofertados pelo Parlamento Estadual aos cidad\u00e3os, servidores e comunidade do entorno.<\/p>\n\n\n\n<p>A inaugura\u00e7\u00e3o contar\u00e1 com a presen\u00e7a do presidente da Assembleia Legislativa, Evandro Leit\u00e3o, do governador Camilo Santana, parlamentares e autoridades.A estrutura conta com servi\u00e7os para toda a popula\u00e7\u00e3o por meio do Procon Assembleia, Casa do Cidad\u00e3o, Sala do Empreendedor, Escrit\u00f3rio Frei Tito de Alencar, Comit\u00ea de Responsabilidade Social, Comit\u00ea de Preven\u00e7\u00e3o e Combate \u00e0 Viol\u00eancia e N\u00facleo de Media\u00e7\u00e3o e Gest\u00e3o de Conflitos. \u201cA reuni\u00e3o de todos esses \u00f3rg\u00e3os em um s\u00f3 local facilita a vida de quem precisa dos mais diversos servi\u00e7os ofertados pela Assembleia Legislativa e institui\u00e7\u00f5es parceiras como o Governo do Estado e o Sebrae\u201d, afirma o presidente da Casa, Evandro Leit\u00e3o. O complexo tamb\u00e9m oferece servi\u00e7os voltados para os servidores e para os moradores da comunidade do entorno. Dentre eles est\u00e3o o Departamento de Sa\u00fade e Assist\u00eancia Social, Centro Inclusivo para Atendimento e Desenvolvimento Infantil (Ciadi), Movimento de Mulheres do Legislativo Cearense, N\u00facleo de Sa\u00fade Mental, N\u00facleo de Pr\u00e1ticas Sist\u00eamicas Restaurativas e espa\u00e7os de conviv\u00eancia para atividades ao ar livre.<\/p>\n\n\n\n<figure class=\"wp-block-image size-large\"><img loading=\"lazy\" decoding=\"async\" width=\"509\" height=\"381\" src=\"https:\/\/blogdorogeriogomes.com.br\/wp-content\/uploads\/2021\/12\/IMG-20211210-WA0067.jpg\" alt=\"\" class=\"wp-image-23725\" srcset=\"https:\/\/blogdorogeriogomes.com.br\/noticias\/wp-content\/uploads\/2021\/12\/IMG-20211210-WA0067.jpg 509w, https:\/\/blogdorogeriogomes.com.br\/noticias\/wp-content\/uploads\/2021\/12\/IMG-20211210-WA0067-300x225.jpg 300w, https:\/\/blogdorogeriogomes.com.br\/noticias\/wp-content\/uploads\/2021\/12\/IMG-20211210-WA0067-400x300.jpg 400w\" sizes=\"auto, (max-width: 509px) 100vw, 509px\" \/><\/figure>\n","protected":false},"excerpt":{"rendered":"<p>A Assembleia Legislativa do Estado do Cear\u00e1 inaugura nesta segunda-feira, dia 13 de dezembro, \u00e0s 9 horas, o Edif\u00edcio Deputado Francisco das Chagas Albuquerque \u2013 Anexo 3. O complexo re\u00fane servi\u00e7os ofertados pelo Parlamento Estadual aos cidad\u00e3os, servidores e comunidade do entorno. A inaugura\u00e7\u00e3o contar\u00e1 com a presen\u00e7a do presidente da Assembleia Legislativa, Evandro Leit\u00e3o, do governador Camilo Santana, parlamentares e autoridades.A estrutura conta com servi\u00e7os para toda a popula\u00e7\u00e3o por meio do Procon Assembleia, Casa do Cidad\u00e3o, Sala&hellip;<\/p>\n","protected":false},"author":1,"featured_media":23725,"comment_status":"open","ping_status":"open","sticky":false,"template":"","format":"standard","meta":{"footnotes":""},"categories":[1],"tags":[],"class_list":["post-23724","post","type-post","status-publish","format-standard","has-post-thumbnail","hentry","category-noticias"],"_links":{"self":[{"href":"https:\/\/blogdorogeriogomes.com.br\/noticias\/wp-json\/wp\/v2\/posts\/23724","targetHints":{"allow":["GET"]}}],"collection":[{"href":"https:\/\/blogdorogeriogomes.com.br\/noticias\/wp-json\/wp\/v2\/posts"}],"about":[{"href":"https:\/\/blogdorogeriogomes.com.br\/noticias\/wp-json\/wp\/v2\/types\/post"}],"author":[{"embeddable":true,"href":"https:\/\/blogdorogeriogomes.com.br\/noticias\/wp-json\/wp\/v2\/users\/1"}],"replies":[{"embeddable":true,"href":"https:\/\/blogdorogeriogomes.com.br\/noticias\/wp-json\/wp\/v2\/comments?post=23724"}],"version-history":[{"count":1,"href":"https:\/\/blogdorogeriogomes.com.br\/noticias\/wp-json\/wp\/v2\/posts\/23724\/revisions"}],"predecessor-version":[{"id":23726,"href":"https:\/\/blogdorogeriogomes.com.br\/noticias\/wp-json\/wp\/v2\/posts\/23724\/revisions\/23726"}],"wp:featuredmedia":[{"embeddable":true,"href":"https:\/\/blogdorogeriogomes.com.br\/noticias\/wp-json\/wp\/v2\/media\/23725"}],"wp:attachment":[{"href":"https:\/\/blogdorogeriogomes.com.br\/noticias\/wp-json\/wp\/v2\/media?parent=23724"}],"wp:term":[{"taxonomy":"category","embeddable":true,"href":"https:\/\/blogdorogeriogomes.com.br\/noticias\/wp-json\/wp\/v2\/categories?post=23724"},{"taxonomy":"post_tag","embeddable":true,"href":"https:\/\/blogdorogeriogomes.com.br\/noticias\/wp-json\/wp\/v2\/tags?post=23724"}],"curies":[{"name":"wp","href":"https:\/\/api.w.org\/{rel}","templated":true}]}}