{"id":23727,"date":"2021-12-10T22:40:26","date_gmt":"2021-12-10T22:40:26","guid":{"rendered":"https:\/\/blogdorogeriogomes.com.br\/?p=23727"},"modified":"2021-12-13T15:17:35","modified_gmt":"2021-12-13T15:17:35","slug":"novo-decreto-exige-passaporte-da-vacina-para-acesso-a-predios-publicos-do-ceara","status":"publish","type":"post","link":"https:\/\/blogdorogeriogomes.com.br\/noticias\/2021\/12\/novo-decreto-exige-passaporte-da-vacina-para-acesso-a-predios-publicos-do-ceara\/","title":{"rendered":"Novo decreto exige passaporte da vacina para acesso a pr\u00e9dios p\u00fablicos do Cear\u00e1"},"content":{"rendered":"\n<p>A partir do pr\u00f3ximo dia 20 de dezembro ser\u00e1 exigido o passaporte de vacina\u00e7\u00e3o para o acesso a pr\u00e9dios p\u00fablicos do Cear\u00e1. A medida faz parte do novo Decreto Estadual de enfrentamento \u00e0 Covid-19 anunciado nesta sexta-feira, dia 10 de dezembro, pelo governador Camilo Santana e pelo secret\u00e1rio de Sa\u00fade do Cear\u00e1, Marcos Gadelha.<\/p>\n\n\n\n<p>Os estabelecimentos particulares do Cear\u00e1 j\u00e1 exigem o passaporte da vacina\u00e7\u00e3o desde o \u00faltimo dia 15 de novembro.<\/p>\n\n\n\n<p>Em Fortaleza, vereadores discutem em regime de urg\u00eancia na C\u00e2mara Municipal uma medida enviada pelo prefeito Jos\u00e9 Sarto (PDT) que tamb\u00e9m define a exig\u00eancia do comprovante de vacina\u00e7\u00e3o contra a Covid-19 para entrar em pr\u00e9dios e reparti\u00e7\u00f5es p\u00fablicas municipais.<\/p>\n\n\n\n<figure class=\"wp-block-image size-large\"><img loading=\"lazy\" decoding=\"async\" width=\"679\" height=\"452\" src=\"https:\/\/blogdorogeriogomes.com.br\/wp-content\/uploads\/2021\/12\/images-3-1.jpeg\" alt=\"\" class=\"wp-image-23728\" srcset=\"https:\/\/blogdorogeriogomes.com.br\/noticias\/wp-content\/uploads\/2021\/12\/images-3-1.jpeg 679w, https:\/\/blogdorogeriogomes.com.br\/noticias\/wp-content\/uploads\/2021\/12\/images-3-1-300x200.jpeg 300w\" sizes=\"auto, (max-width: 679px) 100vw, 679px\" \/><\/figure>\n","protected":false},"excerpt":{"rendered":"<p>A partir do pr\u00f3ximo dia 20 de dezembro ser\u00e1 exigido o passaporte de vacina\u00e7\u00e3o para o acesso a pr\u00e9dios p\u00fablicos do Cear\u00e1. A medida faz parte do novo Decreto Estadual de enfrentamento \u00e0 Covid-19 anunciado nesta sexta-feira, dia 10 de dezembro, pelo governador Camilo Santana e pelo secret\u00e1rio de Sa\u00fade do Cear\u00e1, Marcos Gadelha. Os estabelecimentos particulares do Cear\u00e1 j\u00e1 exigem o passaporte da vacina\u00e7\u00e3o desde o \u00faltimo dia 15 de novembro. Em Fortaleza, vereadores discutem em regime de&hellip;<\/p>\n","protected":false},"author":1,"featured_media":23728,"comment_status":"open","ping_status":"open","sticky":false,"template":"","format":"standard","meta":{"footnotes":""},"categories":[1],"tags":[],"class_list":["post-23727","post","type-post","status-publish","format-standard","has-post-thumbnail","hentry","category-noticias"],"_links":{"self":[{"href":"https:\/\/blogdorogeriogomes.com.br\/noticias\/wp-json\/wp\/v2\/posts\/23727","targetHints":{"allow":["GET"]}}],"collection":[{"href":"https:\/\/blogdorogeriogomes.com.br\/noticias\/wp-json\/wp\/v2\/posts"}],"about":[{"href":"https:\/\/blogdorogeriogomes.com.br\/noticias\/wp-json\/wp\/v2\/types\/post"}],"author":[{"embeddable":true,"href":"https:\/\/blogdorogeriogomes.com.br\/noticias\/wp-json\/wp\/v2\/users\/1"}],"replies":[{"embeddable":true,"href":"https:\/\/blogdorogeriogomes.com.br\/noticias\/wp-json\/wp\/v2\/comments?post=23727"}],"version-history":[{"count":1,"href":"https:\/\/blogdorogeriogomes.com.br\/noticias\/wp-json\/wp\/v2\/posts\/23727\/revisions"}],"predecessor-version":[{"id":23729,"href":"https:\/\/blogdorogeriogomes.com.br\/noticias\/wp-json\/wp\/v2\/posts\/23727\/revisions\/23729"}],"wp:featuredmedia":[{"embeddable":true,"href":"https:\/\/blogdorogeriogomes.com.br\/noticias\/wp-json\/wp\/v2\/media\/23728"}],"wp:attachment":[{"href":"https:\/\/blogdorogeriogomes.com.br\/noticias\/wp-json\/wp\/v2\/media?parent=23727"}],"wp:term":[{"taxonomy":"category","embeddable":true,"href":"https:\/\/blogdorogeriogomes.com.br\/noticias\/wp-json\/wp\/v2\/categories?post=23727"},{"taxonomy":"post_tag","embeddable":true,"href":"https:\/\/blogdorogeriogomes.com.br\/noticias\/wp-json\/wp\/v2\/tags?post=23727"}],"curies":[{"name":"wp","href":"https:\/\/api.w.org\/{rel}","templated":true}]}}