{"id":23734,"date":"2021-12-10T23:27:51","date_gmt":"2021-12-10T23:27:51","guid":{"rendered":"https:\/\/blogdorogeriogomes.com.br\/?p=23734"},"modified":"2021-12-13T15:17:10","modified_gmt":"2021-12-13T15:17:10","slug":"camilo-santana-faz-balanco-de-acoes-governamentais-em-almoco-na-fiec","status":"publish","type":"post","link":"https:\/\/blogdorogeriogomes.com.br\/noticias\/2021\/12\/camilo-santana-faz-balanco-de-acoes-governamentais-em-almoco-na-fiec\/","title":{"rendered":"Camilo Santana faz balan\u00e7o de a\u00e7\u00f5es governamentais em almo\u00e7o na Fiec"},"content":{"rendered":"\n<p>O governador Camilo Santana esteve nesta sexta-feira, dia 10 de dezembro, na Federa\u00e7\u00e3o das Ind\u00fastrias do Cear\u00e1 (Fiec), onde apresentou as a\u00e7\u00f5es e investimentos do Estado em 2021 nas mais diversas \u00e1reas. Na ocasi\u00e3o, ao lado do presidente da Fiec, Ricardo Cavalcante, houve o lan\u00e7amento do Atlas Digital Costeiro e Marinho do Cear\u00e1 e a assinatura do decreto que institui o Comit\u00ea de Desenvolvimento Planejamento Espacial Marinho do Cear\u00e1; o acordo de coopera\u00e7\u00e3o t\u00e9cnica para projetos de hidrog\u00eanio verde e memorando de entendimento com sindicatos de confec\u00e7\u00f5es e cal\u00e7ados.<\/p>\n\n\n\n<figure class=\"wp-block-image size-large\"><img loading=\"lazy\" decoding=\"async\" width=\"1024\" height=\"684\" src=\"https:\/\/blogdorogeriogomes.com.br\/wp-content\/uploads\/2021\/12\/211210_GOV-ALMOCO-FIEC_CG-0366-1024x684.jpg\" alt=\"\" class=\"wp-image-23737\" srcset=\"https:\/\/blogdorogeriogomes.com.br\/noticias\/wp-content\/uploads\/2021\/12\/211210_GOV-ALMOCO-FIEC_CG-0366-1024x684.jpg 1024w, https:\/\/blogdorogeriogomes.com.br\/noticias\/wp-content\/uploads\/2021\/12\/211210_GOV-ALMOCO-FIEC_CG-0366-300x200.jpg 300w, https:\/\/blogdorogeriogomes.com.br\/noticias\/wp-content\/uploads\/2021\/12\/211210_GOV-ALMOCO-FIEC_CG-0366-768x513.jpg 768w, https:\/\/blogdorogeriogomes.com.br\/noticias\/wp-content\/uploads\/2021\/12\/211210_GOV-ALMOCO-FIEC_CG-0366-1536x1027.jpg 1536w, https:\/\/blogdorogeriogomes.com.br\/noticias\/wp-content\/uploads\/2021\/12\/211210_GOV-ALMOCO-FIEC_CG-0366-800x535.jpg 800w, https:\/\/blogdorogeriogomes.com.br\/noticias\/wp-content\/uploads\/2021\/12\/211210_GOV-ALMOCO-FIEC_CG-0366.jpg 1616w\" sizes=\"auto, (max-width: 1024px) 100vw, 1024px\" \/><\/figure>\n\n\n","protected":false},"excerpt":{"rendered":"<p>O governador Camilo Santana esteve nesta sexta-feira, dia 10 de dezembro, na Federa\u00e7\u00e3o das Ind\u00fastrias do Cear\u00e1 (Fiec), onde apresentou as a\u00e7\u00f5es e investimentos do Estado em 2021 nas mais diversas \u00e1reas. Na ocasi\u00e3o, ao lado do presidente da Fiec, Ricardo Cavalcante, houve o lan\u00e7amento do Atlas Digital Costeiro e Marinho do Cear\u00e1 e a assinatura do decreto que institui o Comit\u00ea de Desenvolvimento Planejamento Espacial Marinho do Cear\u00e1; o acordo de coopera\u00e7\u00e3o t\u00e9cnica para projetos de hidrog\u00eanio verde&hellip;<\/p>\n","protected":false},"author":1,"featured_media":23737,"comment_status":"open","ping_status":"open","sticky":false,"template":"","format":"standard","meta":{"footnotes":""},"categories":[1],"tags":[],"class_list":["post-23734","post","type-post","status-publish","format-standard","has-post-thumbnail","hentry","category-noticias"],"_links":{"self":[{"href":"https:\/\/blogdorogeriogomes.com.br\/noticias\/wp-json\/wp\/v2\/posts\/23734","targetHints":{"allow":["GET"]}}],"collection":[{"href":"https:\/\/blogdorogeriogomes.com.br\/noticias\/wp-json\/wp\/v2\/posts"}],"about":[{"href":"https:\/\/blogdorogeriogomes.com.br\/noticias\/wp-json\/wp\/v2\/types\/post"}],"author":[{"embeddable":true,"href":"https:\/\/blogdorogeriogomes.com.br\/noticias\/wp-json\/wp\/v2\/users\/1"}],"replies":[{"embeddable":true,"href":"https:\/\/blogdorogeriogomes.com.br\/noticias\/wp-json\/wp\/v2\/comments?post=23734"}],"version-history":[{"count":2,"href":"https:\/\/blogdorogeriogomes.com.br\/noticias\/wp-json\/wp\/v2\/posts\/23734\/revisions"}],"predecessor-version":[{"id":23738,"href":"https:\/\/blogdorogeriogomes.com.br\/noticias\/wp-json\/wp\/v2\/posts\/23734\/revisions\/23738"}],"wp:featuredmedia":[{"embeddable":true,"href":"https:\/\/blogdorogeriogomes.com.br\/noticias\/wp-json\/wp\/v2\/media\/23737"}],"wp:attachment":[{"href":"https:\/\/blogdorogeriogomes.com.br\/noticias\/wp-json\/wp\/v2\/media?parent=23734"}],"wp:term":[{"taxonomy":"category","embeddable":true,"href":"https:\/\/blogdorogeriogomes.com.br\/noticias\/wp-json\/wp\/v2\/categories?post=23734"},{"taxonomy":"post_tag","embeddable":true,"href":"https:\/\/blogdorogeriogomes.com.br\/noticias\/wp-json\/wp\/v2\/tags?post=23734"}],"curies":[{"name":"wp","href":"https:\/\/api.w.org\/{rel}","templated":true}]}}