{"id":23739,"date":"2021-12-11T21:42:45","date_gmt":"2021-12-11T21:42:45","guid":{"rendered":"https:\/\/blogdorogeriogomes.com.br\/?p=23739"},"modified":"2021-12-13T15:16:55","modified_gmt":"2021-12-13T15:16:55","slug":"ministro-do-stf-luis-roberto-barroso-determina-obrigatoriedade-do-passaporte-de-vacinacao-para-estrangeiros-entrarem-no-brasil","status":"publish","type":"post","link":"https:\/\/blogdorogeriogomes.com.br\/noticias\/2021\/12\/ministro-do-stf-luis-roberto-barroso-determina-obrigatoriedade-do-passaporte-de-vacinacao-para-estrangeiros-entrarem-no-brasil\/","title":{"rendered":"Ministro do STF, Lu\u00eds Roberto Barroso, determina obrigatoriedade do passaporte de vacina\u00e7\u00e3o para estrangeiros entrarem no Brasil"},"content":{"rendered":"\n<p>O ministro do Supremo Tribunal Federal (STF), Lu\u00eds Roberto Barroso, determinou neste s\u00e1bado, dia 11 de dezembro, a obrigatoriedade de comprovante de vacina\u00e7\u00e3o para viajantes que chegarem ao pa\u00eds, contrariando a decis\u00e3o do Governo Bolsonaro de abdicar da exig\u00eancia do passaporte de vacinas para quem n\u00e3o tomou o imunizante contra a Covid-19.<\/p>\n\n\n\n<p>A ordem foi dada em uma a\u00e7\u00e3o da Rede Sustentabilidade que tenta obrigar o Governo Federal a adotar medidas sanit\u00e1rias recomendadas pela Ag\u00eancia Nacional de Vigil\u00e2ncia Sanit\u00e1ria (Anvisa) como o &#8220;passaporte da vacina&#8221; ou quarentena obrigat\u00f3ria para quem chega ao Brasil e uma maior fiscaliza\u00e7\u00e3o dos voos que desembarcam no pa\u00eds.<\/p>\n\n\n\n<figure class=\"wp-block-image size-large\"><img loading=\"lazy\" decoding=\"async\" width=\"679\" height=\"452\" src=\"https:\/\/blogdorogeriogomes.com.br\/wp-content\/uploads\/2021\/12\/images-5-1.jpeg\" alt=\"\" class=\"wp-image-23740\" srcset=\"https:\/\/blogdorogeriogomes.com.br\/noticias\/wp-content\/uploads\/2021\/12\/images-5-1.jpeg 679w, https:\/\/blogdorogeriogomes.com.br\/noticias\/wp-content\/uploads\/2021\/12\/images-5-1-300x200.jpeg 300w\" sizes=\"auto, (max-width: 679px) 100vw, 679px\" \/><\/figure>\n","protected":false},"excerpt":{"rendered":"<p>O ministro do Supremo Tribunal Federal (STF), Lu\u00eds Roberto Barroso, determinou neste s\u00e1bado, dia 11 de dezembro, a obrigatoriedade de comprovante de vacina\u00e7\u00e3o para viajantes que chegarem ao pa\u00eds, contrariando a decis\u00e3o do Governo Bolsonaro de abdicar da exig\u00eancia do passaporte de vacinas para quem n\u00e3o tomou o imunizante contra a Covid-19. A ordem foi dada em uma a\u00e7\u00e3o da Rede Sustentabilidade que tenta obrigar o Governo Federal a adotar medidas sanit\u00e1rias recomendadas pela Ag\u00eancia Nacional de Vigil\u00e2ncia Sanit\u00e1ria&hellip;<\/p>\n","protected":false},"author":1,"featured_media":23740,"comment_status":"open","ping_status":"open","sticky":false,"template":"","format":"standard","meta":{"footnotes":""},"categories":[1],"tags":[],"class_list":["post-23739","post","type-post","status-publish","format-standard","has-post-thumbnail","hentry","category-noticias"],"_links":{"self":[{"href":"https:\/\/blogdorogeriogomes.com.br\/noticias\/wp-json\/wp\/v2\/posts\/23739","targetHints":{"allow":["GET"]}}],"collection":[{"href":"https:\/\/blogdorogeriogomes.com.br\/noticias\/wp-json\/wp\/v2\/posts"}],"about":[{"href":"https:\/\/blogdorogeriogomes.com.br\/noticias\/wp-json\/wp\/v2\/types\/post"}],"author":[{"embeddable":true,"href":"https:\/\/blogdorogeriogomes.com.br\/noticias\/wp-json\/wp\/v2\/users\/1"}],"replies":[{"embeddable":true,"href":"https:\/\/blogdorogeriogomes.com.br\/noticias\/wp-json\/wp\/v2\/comments?post=23739"}],"version-history":[{"count":1,"href":"https:\/\/blogdorogeriogomes.com.br\/noticias\/wp-json\/wp\/v2\/posts\/23739\/revisions"}],"predecessor-version":[{"id":23741,"href":"https:\/\/blogdorogeriogomes.com.br\/noticias\/wp-json\/wp\/v2\/posts\/23739\/revisions\/23741"}],"wp:featuredmedia":[{"embeddable":true,"href":"https:\/\/blogdorogeriogomes.com.br\/noticias\/wp-json\/wp\/v2\/media\/23740"}],"wp:attachment":[{"href":"https:\/\/blogdorogeriogomes.com.br\/noticias\/wp-json\/wp\/v2\/media?parent=23739"}],"wp:term":[{"taxonomy":"category","embeddable":true,"href":"https:\/\/blogdorogeriogomes.com.br\/noticias\/wp-json\/wp\/v2\/categories?post=23739"},{"taxonomy":"post_tag","embeddable":true,"href":"https:\/\/blogdorogeriogomes.com.br\/noticias\/wp-json\/wp\/v2\/tags?post=23739"}],"curies":[{"name":"wp","href":"https:\/\/api.w.org\/{rel}","templated":true}]}}