{"id":23742,"date":"2021-12-13T13:08:26","date_gmt":"2021-12-13T13:08:26","guid":{"rendered":"https:\/\/blogdorogeriogomes.com.br\/?p=23742"},"modified":"2021-12-13T15:16:36","modified_gmt":"2021-12-13T15:16:36","slug":"andre-mendonca-toma-posse-no-momento-em-que-bolsonaro-retoma-ataques-contra-o-stf","status":"publish","type":"post","link":"https:\/\/blogdorogeriogomes.com.br\/noticias\/2021\/12\/andre-mendonca-toma-posse-no-momento-em-que-bolsonaro-retoma-ataques-contra-o-stf\/","title":{"rendered":"Andr\u00e9 Mendon\u00e7a toma posse no momento em que Bolsonaro retoma ataques contra o STF"},"content":{"rendered":"\n<p>A posse do novo ministro do Supremo Tribunal Federal (STF), Andr\u00e9 Mendon\u00e7a, est\u00e1 marcada para o pr\u00f3ximo dia 17 de dezembro. A posse acontece em um novo momento de tens\u00e3o em que o presidente Jair Bolsonaro voltou a fazer cr\u00edticas contra o Supremo Tribunal Federal, principalmente, contra o ministro Alexandre de Moraes. Coube a Moraes a abertura de inqu\u00e9rito para investigar declara\u00e7\u00e3o de Bolsonaro, que atribuiu de forma falsa rela\u00e7\u00e3o entre a vacina da Covid e o v\u00edrus do HIV. <\/p>\n\n\n\n<p>Para completar, no \u00faltimo s\u00e1bado, dia 11, o ministro do STF, Lu\u00eds Roberto Barroso, determinou a ado\u00e7\u00e3o de um passaporte de vacina nas fronteiras do pa\u00eds, medida criticada pelo chefe do Executivo, apesar de recomenda\u00e7\u00e3o da Ag\u00eancia Nacional de Vigil\u00e2ncia Sanit\u00e1ria (Anvisa). A medida reacendeu o clima de tens\u00e3o entre Bolsonaro e o STF.<\/p>\n\n\n\n<p>Andr\u00e9 Mendon\u00e7a teve o nome aprovado no Senado para ser ministro do STF, indicado por Bolsonaro como &#8220;terrivelmente evang\u00e9lico&#8221;. O desejo de Jair Bolsonaro \u00e9 indicar mais ministros para o STF que sejam alinhados com sua linha ideol\u00f3gica. Caso venha ser reeleito em 2022, ele teria direito a indicar mais dois ministros para o Supremo Tribunal Federal. <\/p>\n\n\n\n<figure class=\"wp-block-image size-large\"><img loading=\"lazy\" decoding=\"async\" width=\"678\" height=\"452\" src=\"https:\/\/blogdorogeriogomes.com.br\/wp-content\/uploads\/2021\/12\/images-6-1.jpeg\" alt=\"\" class=\"wp-image-23743\" srcset=\"https:\/\/blogdorogeriogomes.com.br\/noticias\/wp-content\/uploads\/2021\/12\/images-6-1.jpeg 678w, https:\/\/blogdorogeriogomes.com.br\/noticias\/wp-content\/uploads\/2021\/12\/images-6-1-300x200.jpeg 300w\" sizes=\"auto, (max-width: 678px) 100vw, 678px\" \/><\/figure>\n","protected":false},"excerpt":{"rendered":"<p>A posse do novo ministro do Supremo Tribunal Federal (STF), Andr\u00e9 Mendon\u00e7a, est\u00e1 marcada para o pr\u00f3ximo dia 17 de dezembro. A posse acontece em um novo momento de tens\u00e3o em que o presidente Jair Bolsonaro voltou a fazer cr\u00edticas contra o Supremo Tribunal Federal, principalmente, contra o ministro Alexandre de Moraes. Coube a Moraes a abertura de inqu\u00e9rito para investigar declara\u00e7\u00e3o de Bolsonaro, que atribuiu de forma falsa rela\u00e7\u00e3o entre a vacina da Covid e o v\u00edrus do&hellip;<\/p>\n","protected":false},"author":1,"featured_media":23743,"comment_status":"open","ping_status":"open","sticky":false,"template":"","format":"standard","meta":{"footnotes":""},"categories":[1],"tags":[],"class_list":["post-23742","post","type-post","status-publish","format-standard","has-post-thumbnail","hentry","category-noticias"],"_links":{"self":[{"href":"https:\/\/blogdorogeriogomes.com.br\/noticias\/wp-json\/wp\/v2\/posts\/23742","targetHints":{"allow":["GET"]}}],"collection":[{"href":"https:\/\/blogdorogeriogomes.com.br\/noticias\/wp-json\/wp\/v2\/posts"}],"about":[{"href":"https:\/\/blogdorogeriogomes.com.br\/noticias\/wp-json\/wp\/v2\/types\/post"}],"author":[{"embeddable":true,"href":"https:\/\/blogdorogeriogomes.com.br\/noticias\/wp-json\/wp\/v2\/users\/1"}],"replies":[{"embeddable":true,"href":"https:\/\/blogdorogeriogomes.com.br\/noticias\/wp-json\/wp\/v2\/comments?post=23742"}],"version-history":[{"count":1,"href":"https:\/\/blogdorogeriogomes.com.br\/noticias\/wp-json\/wp\/v2\/posts\/23742\/revisions"}],"predecessor-version":[{"id":23744,"href":"https:\/\/blogdorogeriogomes.com.br\/noticias\/wp-json\/wp\/v2\/posts\/23742\/revisions\/23744"}],"wp:featuredmedia":[{"embeddable":true,"href":"https:\/\/blogdorogeriogomes.com.br\/noticias\/wp-json\/wp\/v2\/media\/23743"}],"wp:attachment":[{"href":"https:\/\/blogdorogeriogomes.com.br\/noticias\/wp-json\/wp\/v2\/media?parent=23742"}],"wp:term":[{"taxonomy":"category","embeddable":true,"href":"https:\/\/blogdorogeriogomes.com.br\/noticias\/wp-json\/wp\/v2\/categories?post=23742"},{"taxonomy":"post_tag","embeddable":true,"href":"https:\/\/blogdorogeriogomes.com.br\/noticias\/wp-json\/wp\/v2\/tags?post=23742"}],"curies":[{"name":"wp","href":"https:\/\/api.w.org\/{rel}","templated":true}]}}