{"id":23745,"date":"2021-12-13T13:27:30","date_gmt":"2021-12-13T13:27:30","guid":{"rendered":"https:\/\/blogdorogeriogomes.com.br\/?p=23745"},"modified":"2021-12-13T15:16:16","modified_gmt":"2021-12-13T15:16:16","slug":"operacao-inverno-contra-aedes-aegypti-tera-inicio-nesta-segunda-feira-em-fortaleza","status":"publish","type":"post","link":"https:\/\/blogdorogeriogomes.com.br\/noticias\/2021\/12\/operacao-inverno-contra-aedes-aegypti-tera-inicio-nesta-segunda-feira-em-fortaleza\/","title":{"rendered":"Opera\u00e7\u00e3o Inverno contra Aedes Aegypti ter\u00e1 in\u00edcio nesta segunda-feira em Fortaleza"},"content":{"rendered":"\n<p>O lan\u00e7amento da Opera\u00e7\u00e3o Inverno 2022 da Prefeitura de Fortaleza acontece nesta segunda-feira, dia 13 de dezembro, em Fortaleza. A a\u00e7\u00e3o antecede o per\u00edodo da quadra chuvosa de 2022 com o objetivo de intensificar a preven\u00e7\u00e3o e o controle das doen\u00e7as transmitidas pelo mosquito Aedes aegypti e envolver\u00e1 cerca de 1.100 profissionais da Vigil\u00e2ncia Ambiental de Fortaleza.<\/p>\n\n\n\n<p>A Secretaria de Sa\u00fade de Fortaleza tamb\u00e9m apresentou o quarto Levantamento de \u00cdndice R\u00e1pido Amostral para Aedes aegypti (LIRAa) referente ao ano de 2021. A metodologia do estudo, promovido pelo Minist\u00e9rio da Sa\u00fade, objetiva fortalecer o controle de a\u00e7\u00f5es contra o mosquito vetor de arboviroses, como dengue, zika v\u00edrus e febre chikungunya.<\/p>\n\n\n\n<figure class=\"wp-block-image size-large\"><img loading=\"lazy\" decoding=\"async\" width=\"719\" height=\"427\" src=\"https:\/\/blogdorogeriogomes.com.br\/wp-content\/uploads\/2021\/12\/images-7-1.jpeg\" alt=\"\" class=\"wp-image-23746\" srcset=\"https:\/\/blogdorogeriogomes.com.br\/noticias\/wp-content\/uploads\/2021\/12\/images-7-1.jpeg 719w, https:\/\/blogdorogeriogomes.com.br\/noticias\/wp-content\/uploads\/2021\/12\/images-7-1-300x178.jpeg 300w\" sizes=\"auto, (max-width: 719px) 100vw, 719px\" \/><\/figure>\n","protected":false},"excerpt":{"rendered":"<p>O lan\u00e7amento da Opera\u00e7\u00e3o Inverno 2022 da Prefeitura de Fortaleza acontece nesta segunda-feira, dia 13 de dezembro, em Fortaleza. A a\u00e7\u00e3o antecede o per\u00edodo da quadra chuvosa de 2022 com o objetivo de intensificar a preven\u00e7\u00e3o e o controle das doen\u00e7as transmitidas pelo mosquito Aedes aegypti e envolver\u00e1 cerca de 1.100 profissionais da Vigil\u00e2ncia Ambiental de Fortaleza. A Secretaria de Sa\u00fade de Fortaleza tamb\u00e9m apresentou o quarto Levantamento de \u00cdndice R\u00e1pido Amostral para Aedes aegypti (LIRAa) referente ao ano&hellip;<\/p>\n","protected":false},"author":1,"featured_media":23746,"comment_status":"open","ping_status":"open","sticky":false,"template":"","format":"standard","meta":{"footnotes":""},"categories":[1],"tags":[],"class_list":["post-23745","post","type-post","status-publish","format-standard","has-post-thumbnail","hentry","category-noticias"],"_links":{"self":[{"href":"https:\/\/blogdorogeriogomes.com.br\/noticias\/wp-json\/wp\/v2\/posts\/23745","targetHints":{"allow":["GET"]}}],"collection":[{"href":"https:\/\/blogdorogeriogomes.com.br\/noticias\/wp-json\/wp\/v2\/posts"}],"about":[{"href":"https:\/\/blogdorogeriogomes.com.br\/noticias\/wp-json\/wp\/v2\/types\/post"}],"author":[{"embeddable":true,"href":"https:\/\/blogdorogeriogomes.com.br\/noticias\/wp-json\/wp\/v2\/users\/1"}],"replies":[{"embeddable":true,"href":"https:\/\/blogdorogeriogomes.com.br\/noticias\/wp-json\/wp\/v2\/comments?post=23745"}],"version-history":[{"count":1,"href":"https:\/\/blogdorogeriogomes.com.br\/noticias\/wp-json\/wp\/v2\/posts\/23745\/revisions"}],"predecessor-version":[{"id":23747,"href":"https:\/\/blogdorogeriogomes.com.br\/noticias\/wp-json\/wp\/v2\/posts\/23745\/revisions\/23747"}],"wp:featuredmedia":[{"embeddable":true,"href":"https:\/\/blogdorogeriogomes.com.br\/noticias\/wp-json\/wp\/v2\/media\/23746"}],"wp:attachment":[{"href":"https:\/\/blogdorogeriogomes.com.br\/noticias\/wp-json\/wp\/v2\/media?parent=23745"}],"wp:term":[{"taxonomy":"category","embeddable":true,"href":"https:\/\/blogdorogeriogomes.com.br\/noticias\/wp-json\/wp\/v2\/categories?post=23745"},{"taxonomy":"post_tag","embeddable":true,"href":"https:\/\/blogdorogeriogomes.com.br\/noticias\/wp-json\/wp\/v2\/tags?post=23745"}],"curies":[{"name":"wp","href":"https:\/\/api.w.org\/{rel}","templated":true}]}}