{"id":23757,"date":"2021-12-13T22:39:58","date_gmt":"2021-12-13T22:39:58","guid":{"rendered":"https:\/\/blogdorogeriogomes.com.br\/?p=23757"},"modified":"2021-12-15T09:36:20","modified_gmt":"2021-12-15T09:36:20","slug":"assembleia-legislativa-inaugura-novo-complexo-de-servicos-aberto-a-comunidade","status":"publish","type":"post","link":"https:\/\/blogdorogeriogomes.com.br\/noticias\/2021\/12\/assembleia-legislativa-inaugura-novo-complexo-de-servicos-aberto-a-comunidade\/","title":{"rendered":"Assembleia Legislativa inaugura novo complexo de servi\u00e7os aberto \u00e0 comunidade"},"content":{"rendered":"\n<p>A Assembleia Legislativa do Estado do Cear\u00e1 inaugurou, nesta segunda-feira, dia 13 de dezembro, o Edif\u00edcio Deputado Francisco das Chagas Albuquerque, o Anexo III da Casa. O equipamento vai oferecer diversos servi\u00e7os aos cidad\u00e3os, servidores e comunidade do entorno da Assembleia. <\/p>\n\n\n\n<p>A inaugura\u00e7\u00e3o do complexo de servi\u00e7os contou com a presen\u00e7a do presidente da AL, Evandro Leit\u00e3o, do governador Camilo Santana, da primeira-dama do Legislativo, Cristiane Leit\u00e3o, deputados estaduais e federais, secret\u00e1rios de Governo, colaboradores e servidores da Casa.<\/p>\n\n\n\n<p>O edif\u00edcio abriga o Comit\u00ea de Responsabilidade Social; Comit\u00ea de Preven\u00e7\u00e3o e Combate \u00e0 Viol\u00eancia; N\u00facleo de Media\u00e7\u00e3o e Gest\u00e3o de Conflitos; Departamento de Sa\u00fade e Assist\u00eancia Social; Centro Inclusivo de Atendimento e Desenvolvimento Infantil; Movimento das Mulheres do Legislativo Cearense; N\u00facleo de Sa\u00fade Mental e N\u00facleo de Pr\u00e1ticas Sist\u00eamicas Restaurativas e o Procon Assembleia.<\/p>\n\n\n\n<p>Em seu discurso, Evandro Leit\u00e3o ressaltou a import\u00e2ncia das novas instala\u00e7\u00f5es para a garantia dos trabalhos de sa\u00fade, de servi\u00e7os e de assist\u00eancia social. &#8220;Neste pr\u00e9dio contamos com uma equipe multidisciplinar formada por m\u00e9dicos, terapeutas, enfermeiros e fisioterapeutas. Criamos e trouxemos para esse edif\u00edcio o Ciadi, al\u00e9m de outros servi\u00e7os como emiss\u00e3o de documentos pela Casa do Cidad\u00e3o, o atendimento do Procon Assembleia, que hoje completa vinte anos de exist\u00eancia, o Escrit\u00f3rio Frei Tito e a Sala do Empreendedor, que inauguramos hoje&#8221;, pontuou.<\/p>\n\n\n\n<p>Evandro destacou ainda que a iniciativa da compra do terreno e inicio das obras foi do ex-presidente da Casa e secret\u00e1rio das Cidades, Zezinho Albuquerque. O trabalho teve continuidade na gest\u00e3o do ex-presidente da Assembleia e prefeito de Fortaleza, Jos\u00e9 Sarto. &#8220;Tenho a honra de, juntamente com minha equipe e colegas deputados, finalizar esse equipamento que presta um grande servi\u00e7o n\u00e3o apenas \u00e0 Assembleia, mas para a comunidade. Estamos transcendendo a quest\u00e3o de legislar e fiscalizar, tendo a sensibilidade de atender anseios dos servidores, colabores e da comunidade&#8221;, afirmou.<\/p>\n\n\n\n<p>O governador Camilo Santana parabenizou o novo pr\u00e9dio da Assembleia. &#8220;Esse equipamento vai al\u00e9m porque acolhe com carinho os servidores que fazem a AL no dia a dia e seus familiares. S\u00e3o diversos servi\u00e7os voltados para a popula\u00e7\u00e3o focando no acolhimento e bem-estar dos servidores e comunidade do entorno. A Assembleia extrapolou a expectativas atendendo desde as crian\u00e7as, que s\u00e3o o nosso futuro, at\u00e9 a popula\u00e7\u00e3o carente. A Casa est\u00e1 fazendo valer o real papel de servidor p\u00fablico, servindo as pessoas com sinceridade e transpar\u00eancia&#8221;.<\/p>\n\n\n\n<figure class=\"wp-block-image size-large\"><img loading=\"lazy\" decoding=\"async\" width=\"1024\" height=\"682\" src=\"https:\/\/blogdorogeriogomes.com.br\/wp-content\/uploads\/2021\/12\/IMG-20211213-WA0121-1024x682.jpg\" alt=\"\" class=\"wp-image-23758\" srcset=\"https:\/\/blogdorogeriogomes.com.br\/noticias\/wp-content\/uploads\/2021\/12\/IMG-20211213-WA0121-1024x682.jpg 1024w, https:\/\/blogdorogeriogomes.com.br\/noticias\/wp-content\/uploads\/2021\/12\/IMG-20211213-WA0121-300x200.jpg 300w, https:\/\/blogdorogeriogomes.com.br\/noticias\/wp-content\/uploads\/2021\/12\/IMG-20211213-WA0121-768x512.jpg 768w, https:\/\/blogdorogeriogomes.com.br\/noticias\/wp-content\/uploads\/2021\/12\/IMG-20211213-WA0121-800x533.jpg 800w, https:\/\/blogdorogeriogomes.com.br\/noticias\/wp-content\/uploads\/2021\/12\/IMG-20211213-WA0121.jpg 1280w\" sizes=\"auto, (max-width: 1024px) 100vw, 1024px\" \/><\/figure>\n\n\n\n<p><\/p>\n\n\n\n<p><\/p>\n","protected":false},"excerpt":{"rendered":"<p>A Assembleia Legislativa do Estado do Cear\u00e1 inaugurou, nesta segunda-feira, dia 13 de dezembro, o Edif\u00edcio Deputado Francisco das Chagas Albuquerque, o Anexo III da Casa. O equipamento vai oferecer diversos servi\u00e7os aos cidad\u00e3os, servidores e comunidade do entorno da Assembleia. A inaugura\u00e7\u00e3o do complexo de servi\u00e7os contou com a presen\u00e7a do presidente da AL, Evandro Leit\u00e3o, do governador Camilo Santana, da primeira-dama do Legislativo, Cristiane Leit\u00e3o, deputados estaduais e federais, secret\u00e1rios de Governo, colaboradores e servidores da Casa.&hellip;<\/p>\n","protected":false},"author":1,"featured_media":23758,"comment_status":"open","ping_status":"open","sticky":false,"template":"","format":"standard","meta":{"footnotes":""},"categories":[1],"tags":[],"class_list":["post-23757","post","type-post","status-publish","format-standard","has-post-thumbnail","hentry","category-noticias"],"_links":{"self":[{"href":"https:\/\/blogdorogeriogomes.com.br\/noticias\/wp-json\/wp\/v2\/posts\/23757","targetHints":{"allow":["GET"]}}],"collection":[{"href":"https:\/\/blogdorogeriogomes.com.br\/noticias\/wp-json\/wp\/v2\/posts"}],"about":[{"href":"https:\/\/blogdorogeriogomes.com.br\/noticias\/wp-json\/wp\/v2\/types\/post"}],"author":[{"embeddable":true,"href":"https:\/\/blogdorogeriogomes.com.br\/noticias\/wp-json\/wp\/v2\/users\/1"}],"replies":[{"embeddable":true,"href":"https:\/\/blogdorogeriogomes.com.br\/noticias\/wp-json\/wp\/v2\/comments?post=23757"}],"version-history":[{"count":1,"href":"https:\/\/blogdorogeriogomes.com.br\/noticias\/wp-json\/wp\/v2\/posts\/23757\/revisions"}],"predecessor-version":[{"id":23759,"href":"https:\/\/blogdorogeriogomes.com.br\/noticias\/wp-json\/wp\/v2\/posts\/23757\/revisions\/23759"}],"wp:featuredmedia":[{"embeddable":true,"href":"https:\/\/blogdorogeriogomes.com.br\/noticias\/wp-json\/wp\/v2\/media\/23758"}],"wp:attachment":[{"href":"https:\/\/blogdorogeriogomes.com.br\/noticias\/wp-json\/wp\/v2\/media?parent=23757"}],"wp:term":[{"taxonomy":"category","embeddable":true,"href":"https:\/\/blogdorogeriogomes.com.br\/noticias\/wp-json\/wp\/v2\/categories?post=23757"},{"taxonomy":"post_tag","embeddable":true,"href":"https:\/\/blogdorogeriogomes.com.br\/noticias\/wp-json\/wp\/v2\/tags?post=23757"}],"curies":[{"name":"wp","href":"https:\/\/api.w.org\/{rel}","templated":true}]}}