{"id":23763,"date":"2021-12-14T10:49:27","date_gmt":"2021-12-14T10:49:27","guid":{"rendered":"https:\/\/blogdorogeriogomes.com.br\/?p=23763"},"modified":"2021-12-15T09:35:56","modified_gmt":"2021-12-15T09:35:56","slug":"senado-federal-escolhe-novo-ministro-do-tcu-nesta-terca-feira","status":"publish","type":"post","link":"https:\/\/blogdorogeriogomes.com.br\/noticias\/2021\/12\/senado-federal-escolhe-novo-ministro-do-tcu-nesta-terca-feira\/","title":{"rendered":"Senado Federal escolhe novo ministro do TCU nesta ter\u00e7a-feira"},"content":{"rendered":"\n<p>O Senado decide, nesta ter\u00e7a-feira, dia 14 de dezembro, quem ser\u00e1 o novo ministro do Tribunal de Contas da Uni\u00e3o (TCU). Disputam a vaga os senadores Ant\u00f4nio Anastasia (PSD-MG), K\u00e1tia Abreu (PP-TO) e Fernando Bezerra Coelho (MDB-PE). O eleito vai ocupar a vaga de Raimundo Carreiro, que foi indicado para ser embaixador brasileiro em Portugal.<\/p>\n\n\n\n<p>At\u00e9 a pr\u00f3xima quinta-feira, dia 16, os senadores tamb\u00e9m v\u00e3o votar pelo menos 21 indica\u00e7\u00f5es de autoridades, entre embaixadores, diretores de ag\u00eancias reguladoras e nomes para compor conselhos.<\/p>\n\n\n\n<figure class=\"wp-block-image size-large\"><img loading=\"lazy\" decoding=\"async\" width=\"600\" height=\"398\" src=\"https:\/\/blogdorogeriogomes.com.br\/wp-content\/uploads\/2021\/12\/images-9.jpeg\" alt=\"\" class=\"wp-image-23764\" srcset=\"https:\/\/blogdorogeriogomes.com.br\/noticias\/wp-content\/uploads\/2021\/12\/images-9.jpeg 600w, https:\/\/blogdorogeriogomes.com.br\/noticias\/wp-content\/uploads\/2021\/12\/images-9-300x199.jpeg 300w\" sizes=\"auto, (max-width: 600px) 100vw, 600px\" \/><\/figure>\n\n\n\n<p><\/p>\n","protected":false},"excerpt":{"rendered":"<p>O Senado decide, nesta ter\u00e7a-feira, dia 14 de dezembro, quem ser\u00e1 o novo ministro do Tribunal de Contas da Uni\u00e3o (TCU). Disputam a vaga os senadores Ant\u00f4nio Anastasia (PSD-MG), K\u00e1tia Abreu (PP-TO) e Fernando Bezerra Coelho (MDB-PE). O eleito vai ocupar a vaga de Raimundo Carreiro, que foi indicado para ser embaixador brasileiro em Portugal. At\u00e9 a pr\u00f3xima quinta-feira, dia 16, os senadores tamb\u00e9m v\u00e3o votar pelo menos 21 indica\u00e7\u00f5es de autoridades, entre embaixadores, diretores de ag\u00eancias reguladoras e&hellip;<\/p>\n","protected":false},"author":1,"featured_media":23764,"comment_status":"open","ping_status":"open","sticky":false,"template":"","format":"standard","meta":{"footnotes":""},"categories":[1],"tags":[],"class_list":["post-23763","post","type-post","status-publish","format-standard","has-post-thumbnail","hentry","category-noticias"],"_links":{"self":[{"href":"https:\/\/blogdorogeriogomes.com.br\/noticias\/wp-json\/wp\/v2\/posts\/23763","targetHints":{"allow":["GET"]}}],"collection":[{"href":"https:\/\/blogdorogeriogomes.com.br\/noticias\/wp-json\/wp\/v2\/posts"}],"about":[{"href":"https:\/\/blogdorogeriogomes.com.br\/noticias\/wp-json\/wp\/v2\/types\/post"}],"author":[{"embeddable":true,"href":"https:\/\/blogdorogeriogomes.com.br\/noticias\/wp-json\/wp\/v2\/users\/1"}],"replies":[{"embeddable":true,"href":"https:\/\/blogdorogeriogomes.com.br\/noticias\/wp-json\/wp\/v2\/comments?post=23763"}],"version-history":[{"count":1,"href":"https:\/\/blogdorogeriogomes.com.br\/noticias\/wp-json\/wp\/v2\/posts\/23763\/revisions"}],"predecessor-version":[{"id":23765,"href":"https:\/\/blogdorogeriogomes.com.br\/noticias\/wp-json\/wp\/v2\/posts\/23763\/revisions\/23765"}],"wp:featuredmedia":[{"embeddable":true,"href":"https:\/\/blogdorogeriogomes.com.br\/noticias\/wp-json\/wp\/v2\/media\/23764"}],"wp:attachment":[{"href":"https:\/\/blogdorogeriogomes.com.br\/noticias\/wp-json\/wp\/v2\/media?parent=23763"}],"wp:term":[{"taxonomy":"category","embeddable":true,"href":"https:\/\/blogdorogeriogomes.com.br\/noticias\/wp-json\/wp\/v2\/categories?post=23763"},{"taxonomy":"post_tag","embeddable":true,"href":"https:\/\/blogdorogeriogomes.com.br\/noticias\/wp-json\/wp\/v2\/tags?post=23763"}],"curies":[{"name":"wp","href":"https:\/\/api.w.org\/{rel}","templated":true}]}}