{"id":23766,"date":"2021-12-14T18:45:11","date_gmt":"2021-12-14T18:45:11","guid":{"rendered":"https:\/\/blogdorogeriogomes.com.br\/?p=23766"},"modified":"2021-12-15T09:35:42","modified_gmt":"2021-12-15T09:35:42","slug":"jose-sarto-autoriza-reajuste-de-11-no-salario-dos-servidores-municipais-em-fortaleza","status":"publish","type":"post","link":"https:\/\/blogdorogeriogomes.com.br\/noticias\/2021\/12\/jose-sarto-autoriza-reajuste-de-11-no-salario-dos-servidores-municipais-em-fortaleza\/","title":{"rendered":"Jos\u00e9 Sarto autoriza reajuste de 11% no sal\u00e1rio dos servidores municipais em Fortaleza"},"content":{"rendered":"\n<p>Ap\u00f3s reuni\u00e3o com representantes sindicais de servidores do Munic\u00edpio de Fortaleza, nesta ter\u00e7a-feira, dia 14 de dezembro, o prefeito Jos\u00e9 Sarto confirmou um reajuste salarial de 11% para o funcionalismo municipal. <\/p>\n\n\n\n<p>Segundo Sarto, o aumento representa ganho real para os trabalhadores, pois ultrapassa o acumulado da infla\u00e7\u00e3o prevista para este ano. O reajuste ser\u00e1 escalonado, concedendo 4% em fevereiro, 4% em agosto e 3% em dezembro, todos retroativos, perfazendo um total de 11%, que significam acr\u00e9scimo de quase R$ 500 milh\u00f5es ao ano na folha de pagamento. <\/p>\n\n\n\n<p>&#8220;Assinei o projeto de lei que trata sobre o reajuste e estou enviando ainda hoje para aprecia\u00e7\u00e3o dos vereadores&#8221;, confirmou o prefeito de Fortaleza, Jos\u00e9 Sarto.<\/p>\n\n\n\n<figure class=\"wp-block-image size-large\"><img loading=\"lazy\" decoding=\"async\" width=\"790\" height=\"388\" src=\"https:\/\/blogdorogeriogomes.com.br\/wp-content\/uploads\/2021\/12\/images-10.jpeg\" alt=\"\" class=\"wp-image-23768\" srcset=\"https:\/\/blogdorogeriogomes.com.br\/noticias\/wp-content\/uploads\/2021\/12\/images-10.jpeg 790w, https:\/\/blogdorogeriogomes.com.br\/noticias\/wp-content\/uploads\/2021\/12\/images-10-300x147.jpeg 300w, https:\/\/blogdorogeriogomes.com.br\/noticias\/wp-content\/uploads\/2021\/12\/images-10-768x377.jpeg 768w\" sizes=\"auto, (max-width: 790px) 100vw, 790px\" \/><\/figure>\n\n\n","protected":false},"excerpt":{"rendered":"<p>Ap\u00f3s reuni\u00e3o com representantes sindicais de servidores do Munic\u00edpio de Fortaleza, nesta ter\u00e7a-feira, dia 14 de dezembro, o prefeito Jos\u00e9 Sarto confirmou um reajuste salarial de 11% para o funcionalismo municipal. Segundo Sarto, o aumento representa ganho real para os trabalhadores, pois ultrapassa o acumulado da infla\u00e7\u00e3o prevista para este ano. O reajuste ser\u00e1 escalonado, concedendo 4% em fevereiro, 4% em agosto e 3% em dezembro, todos retroativos, perfazendo um total de 11%, que significam acr\u00e9scimo de quase R$&hellip;<\/p>\n","protected":false},"author":1,"featured_media":23768,"comment_status":"open","ping_status":"open","sticky":false,"template":"","format":"standard","meta":{"footnotes":""},"categories":[1],"tags":[],"class_list":["post-23766","post","type-post","status-publish","format-standard","has-post-thumbnail","hentry","category-noticias"],"_links":{"self":[{"href":"https:\/\/blogdorogeriogomes.com.br\/noticias\/wp-json\/wp\/v2\/posts\/23766","targetHints":{"allow":["GET"]}}],"collection":[{"href":"https:\/\/blogdorogeriogomes.com.br\/noticias\/wp-json\/wp\/v2\/posts"}],"about":[{"href":"https:\/\/blogdorogeriogomes.com.br\/noticias\/wp-json\/wp\/v2\/types\/post"}],"author":[{"embeddable":true,"href":"https:\/\/blogdorogeriogomes.com.br\/noticias\/wp-json\/wp\/v2\/users\/1"}],"replies":[{"embeddable":true,"href":"https:\/\/blogdorogeriogomes.com.br\/noticias\/wp-json\/wp\/v2\/comments?post=23766"}],"version-history":[{"count":3,"href":"https:\/\/blogdorogeriogomes.com.br\/noticias\/wp-json\/wp\/v2\/posts\/23766\/revisions"}],"predecessor-version":[{"id":23770,"href":"https:\/\/blogdorogeriogomes.com.br\/noticias\/wp-json\/wp\/v2\/posts\/23766\/revisions\/23770"}],"wp:featuredmedia":[{"embeddable":true,"href":"https:\/\/blogdorogeriogomes.com.br\/noticias\/wp-json\/wp\/v2\/media\/23768"}],"wp:attachment":[{"href":"https:\/\/blogdorogeriogomes.com.br\/noticias\/wp-json\/wp\/v2\/media?parent=23766"}],"wp:term":[{"taxonomy":"category","embeddable":true,"href":"https:\/\/blogdorogeriogomes.com.br\/noticias\/wp-json\/wp\/v2\/categories?post=23766"},{"taxonomy":"post_tag","embeddable":true,"href":"https:\/\/blogdorogeriogomes.com.br\/noticias\/wp-json\/wp\/v2\/tags?post=23766"}],"curies":[{"name":"wp","href":"https:\/\/api.w.org\/{rel}","templated":true}]}}