{"id":23771,"date":"2021-12-14T19:12:25","date_gmt":"2021-12-14T19:12:25","guid":{"rendered":"https:\/\/blogdorogeriogomes.com.br\/?p=23771"},"modified":"2021-12-15T09:35:34","modified_gmt":"2021-12-15T09:35:34","slug":"assembleia-legislativa-lanca-plataforma-virtual-para-ampliar-transparencia-e-acesso-a-informacao","status":"publish","type":"post","link":"https:\/\/blogdorogeriogomes.com.br\/noticias\/2021\/12\/assembleia-legislativa-lanca-plataforma-virtual-para-ampliar-transparencia-e-acesso-a-informacao\/","title":{"rendered":"Assembleia Legislativa lan\u00e7a plataforma virtual para ampliar transpar\u00eancia e acesso a informa\u00e7\u00e3o"},"content":{"rendered":"\n<p>A Assembleia Legislativa do Estado do Cear\u00e1 realiza, nesta quarta-feira, dia 15 de dezembro, o lan\u00e7amento da plataforma Assembleia + Transparente. A iniciativa tem o objetivo de aperfei\u00e7oar e ampliar os mecanismos de divulga\u00e7\u00e3o de informa\u00e7\u00f5es de interesse p\u00fablico, com efici\u00eancia e transpar\u00eancia nos processos que envolvem os trabalhos do Parlamento. Na ocasi\u00e3o, tamb\u00e9m ser\u00e1 apresentado o resultado do Planejamento estrat\u00e9gico Alece 2030, realizado com a Funda\u00e7\u00e3o Dom Cabral.<\/p>\n\n\n\n<p>A Assembleia + Transparente trar\u00e1 para a rotina de servi\u00e7os da Assembleia tr\u00eas ferramentas: Portal da Transpar\u00eancia, Ouvidoria Parlamentar e a classifica\u00e7\u00e3o de informa\u00e7\u00f5es. &#8220;O Poder Legislativo precisa atualizar as suas ferramentas para dar transpar\u00eancia \u00e0s suas a\u00e7\u00f5es de forma constante. Essa plataforma referenda a Assembleia Legislativa como institui\u00e7\u00e3o que \u00e9 transparente e que quer estar cada vez mais pr\u00f3xima da popula\u00e7\u00e3o cearense&#8221;, afirma o presidente da Casa, Evandro Leit\u00e3o.<\/p>\n\n\n\n<p>A Ouvidoria Parlamentar ser\u00e1 o canal respons\u00e1vel pela interlocu\u00e7\u00e3o entre a sociedade e o Poder Legislativo, no sentido de atuar como meio de transpar\u00eancia passiva, recebendo pedidos de acesso \u00e0 informa\u00e7\u00e3o, al\u00e9m de colher manifesta\u00e7\u00f5es diversas dos cidad\u00e3os, como cr\u00edticas, elogios, den\u00fancias, reclama\u00e7\u00e3o e sugest\u00f5es.<\/p>\n\n\n\n<p>Com o novo Portal da Transpar\u00eancia, a popula\u00e7\u00e3o passa a ter, em tempo real, o acesso a dados e informa\u00e7\u00f5es detalhados referentes aos atos da gest\u00e3o or\u00e7ament\u00e1ria e financeira, al\u00e9m de informa\u00e7\u00f5es relativas a licita\u00e7\u00f5es e contratos.<\/p>\n\n\n\n<p>A plataforma Assembleia + Transparente estar\u00e1 dispon\u00edvel no site oficial da Assembleia Legislativa e abrir\u00e1 espa\u00e7o para a popula\u00e7\u00e3o participar na melhoria cont\u00ednua da ferramenta, apresentando cr\u00edticas, sugest\u00f5es, elogios ou reclama\u00e7\u00f5es. <br>Lan\u00e7ado em maio deste ano, o \u201cPrograma Alece 2030\u201d tem como principal objetivo a constru\u00e7\u00e3o do Modelo de Gest\u00e3o Estrat\u00e9gica do Poder Legislativo entre 2021-2030 e define as prioridades do Parlamento cearense para o per\u00edodo estabelecido.<\/p>\n\n\n\n<figure class=\"wp-block-image size-large\"><img loading=\"lazy\" decoding=\"async\" width=\"800\" height=\"533\" src=\"https:\/\/blogdorogeriogomes.com.br\/wp-content\/uploads\/2021\/12\/IMG-20211214-WA0085.jpg\" alt=\"\" class=\"wp-image-23772\" srcset=\"https:\/\/blogdorogeriogomes.com.br\/noticias\/wp-content\/uploads\/2021\/12\/IMG-20211214-WA0085.jpg 800w, https:\/\/blogdorogeriogomes.com.br\/noticias\/wp-content\/uploads\/2021\/12\/IMG-20211214-WA0085-300x200.jpg 300w, https:\/\/blogdorogeriogomes.com.br\/noticias\/wp-content\/uploads\/2021\/12\/IMG-20211214-WA0085-768x512.jpg 768w\" sizes=\"auto, (max-width: 800px) 100vw, 800px\" \/><\/figure>\n\n\n\n<p><\/p>\n\n\n\n<p><\/p>\n\n\n\n<p><\/p>\n","protected":false},"excerpt":{"rendered":"<p>A Assembleia Legislativa do Estado do Cear\u00e1 realiza, nesta quarta-feira, dia 15 de dezembro, o lan\u00e7amento da plataforma Assembleia + Transparente. A iniciativa tem o objetivo de aperfei\u00e7oar e ampliar os mecanismos de divulga\u00e7\u00e3o de informa\u00e7\u00f5es de interesse p\u00fablico, com efici\u00eancia e transpar\u00eancia nos processos que envolvem os trabalhos do Parlamento. Na ocasi\u00e3o, tamb\u00e9m ser\u00e1 apresentado o resultado do Planejamento estrat\u00e9gico Alece 2030, realizado com a Funda\u00e7\u00e3o Dom Cabral. A Assembleia + Transparente trar\u00e1 para a rotina de servi\u00e7os&hellip;<\/p>\n","protected":false},"author":1,"featured_media":23772,"comment_status":"open","ping_status":"open","sticky":false,"template":"","format":"standard","meta":{"footnotes":""},"categories":[1],"tags":[],"class_list":["post-23771","post","type-post","status-publish","format-standard","has-post-thumbnail","hentry","category-noticias"],"_links":{"self":[{"href":"https:\/\/blogdorogeriogomes.com.br\/noticias\/wp-json\/wp\/v2\/posts\/23771","targetHints":{"allow":["GET"]}}],"collection":[{"href":"https:\/\/blogdorogeriogomes.com.br\/noticias\/wp-json\/wp\/v2\/posts"}],"about":[{"href":"https:\/\/blogdorogeriogomes.com.br\/noticias\/wp-json\/wp\/v2\/types\/post"}],"author":[{"embeddable":true,"href":"https:\/\/blogdorogeriogomes.com.br\/noticias\/wp-json\/wp\/v2\/users\/1"}],"replies":[{"embeddable":true,"href":"https:\/\/blogdorogeriogomes.com.br\/noticias\/wp-json\/wp\/v2\/comments?post=23771"}],"version-history":[{"count":1,"href":"https:\/\/blogdorogeriogomes.com.br\/noticias\/wp-json\/wp\/v2\/posts\/23771\/revisions"}],"predecessor-version":[{"id":23773,"href":"https:\/\/blogdorogeriogomes.com.br\/noticias\/wp-json\/wp\/v2\/posts\/23771\/revisions\/23773"}],"wp:featuredmedia":[{"embeddable":true,"href":"https:\/\/blogdorogeriogomes.com.br\/noticias\/wp-json\/wp\/v2\/media\/23772"}],"wp:attachment":[{"href":"https:\/\/blogdorogeriogomes.com.br\/noticias\/wp-json\/wp\/v2\/media?parent=23771"}],"wp:term":[{"taxonomy":"category","embeddable":true,"href":"https:\/\/blogdorogeriogomes.com.br\/noticias\/wp-json\/wp\/v2\/categories?post=23771"},{"taxonomy":"post_tag","embeddable":true,"href":"https:\/\/blogdorogeriogomes.com.br\/noticias\/wp-json\/wp\/v2\/tags?post=23771"}],"curies":[{"name":"wp","href":"https:\/\/api.w.org\/{rel}","templated":true}]}}