{"id":23783,"date":"2021-12-15T10:26:41","date_gmt":"2021-12-15T10:26:41","guid":{"rendered":"https:\/\/blogdorogeriogomes.com.br\/?p=23783"},"modified":"2021-12-15T11:45:51","modified_gmt":"2021-12-15T11:45:51","slug":"camara-municipal-de-fortaleza-adia-para-2022-a-votacao-da-exigencia-do-passaporte-de-vacinacao-em-orgaos-publicos","status":"publish","type":"post","link":"https:\/\/blogdorogeriogomes.com.br\/noticias\/2021\/12\/camara-municipal-de-fortaleza-adia-para-2022-a-votacao-da-exigencia-do-passaporte-de-vacinacao-em-orgaos-publicos\/","title":{"rendered":"C\u00e2mara Municipal de Fortaleza adia para 2022 a vota\u00e7\u00e3o da exig\u00eancia do passaporte de vacina\u00e7\u00e3o em \u00f3rg\u00e3os p\u00fablicos"},"content":{"rendered":"\n<p>Diante da press\u00e3o da bancada evang\u00e9lica na C\u00e2mara Municipal de Fortaleza, o prefeito Jos\u00e9 Sarto retirou para ajustes o projeto que obriga a cobran\u00e7a do passaporte de vacina\u00e7\u00e3o contra a Covid-19 para acesso a reparti\u00e7\u00f5es p\u00fablicas do Munic\u00edpio. A mat\u00e9ria deve ter mais discuss\u00e3o entre os vereadores ap\u00f3s o recesso de janeiro.<\/p>\n\n\n\n<p>Em n\u00edvel estadual, a exig\u00eancia do passaporte da vacina em \u00f3rg\u00e3os p\u00fablicos j\u00e1 passa a valer a partir do pr\u00f3ximo dia 20 de dezembro, conforme determina\u00e7\u00e3o anunciada pelo governador Camilo Santana.<\/p>\n\n\n\n<p>Pesquisa encomendada pelo Instituto Opnus revela que 87% dos cearenses s\u00e3o a favor da obrigatoriedade do comprovante da vacina no acesso a bares e restaurantes. Apenas 12% foram contra o passaporte. O Instituto Opnus ouviu 2.200 pessoas em 101 munic\u00edpios cearenses.<\/p>\n\n\n\n<figure class=\"wp-block-image size-large\"><img loading=\"lazy\" decoding=\"async\" width=\"800\" height=\"533\" src=\"https:\/\/blogdorogeriogomes.com.br\/wp-content\/uploads\/2021\/12\/DSC_9379.jpg\" alt=\"\" class=\"wp-image-23784\" srcset=\"https:\/\/blogdorogeriogomes.com.br\/noticias\/wp-content\/uploads\/2021\/12\/DSC_9379.jpg 800w, https:\/\/blogdorogeriogomes.com.br\/noticias\/wp-content\/uploads\/2021\/12\/DSC_9379-300x200.jpg 300w, https:\/\/blogdorogeriogomes.com.br\/noticias\/wp-content\/uploads\/2021\/12\/DSC_9379-768x512.jpg 768w\" sizes=\"auto, (max-width: 800px) 100vw, 800px\" \/><\/figure>\n","protected":false},"excerpt":{"rendered":"<p>Diante da press\u00e3o da bancada evang\u00e9lica na C\u00e2mara Municipal de Fortaleza, o prefeito Jos\u00e9 Sarto retirou para ajustes o projeto que obriga a cobran\u00e7a do passaporte de vacina\u00e7\u00e3o contra a Covid-19 para acesso a reparti\u00e7\u00f5es p\u00fablicas do Munic\u00edpio. A mat\u00e9ria deve ter mais discuss\u00e3o entre os vereadores ap\u00f3s o recesso de janeiro. Em n\u00edvel estadual, a exig\u00eancia do passaporte da vacina em \u00f3rg\u00e3os p\u00fablicos j\u00e1 passa a valer a partir do pr\u00f3ximo dia 20 de dezembro, conforme determina\u00e7\u00e3o anunciada&hellip;<\/p>\n","protected":false},"author":1,"featured_media":23784,"comment_status":"open","ping_status":"open","sticky":false,"template":"","format":"standard","meta":{"footnotes":""},"categories":[1],"tags":[],"class_list":["post-23783","post","type-post","status-publish","format-standard","has-post-thumbnail","hentry","category-noticias"],"_links":{"self":[{"href":"https:\/\/blogdorogeriogomes.com.br\/noticias\/wp-json\/wp\/v2\/posts\/23783","targetHints":{"allow":["GET"]}}],"collection":[{"href":"https:\/\/blogdorogeriogomes.com.br\/noticias\/wp-json\/wp\/v2\/posts"}],"about":[{"href":"https:\/\/blogdorogeriogomes.com.br\/noticias\/wp-json\/wp\/v2\/types\/post"}],"author":[{"embeddable":true,"href":"https:\/\/blogdorogeriogomes.com.br\/noticias\/wp-json\/wp\/v2\/users\/1"}],"replies":[{"embeddable":true,"href":"https:\/\/blogdorogeriogomes.com.br\/noticias\/wp-json\/wp\/v2\/comments?post=23783"}],"version-history":[{"count":1,"href":"https:\/\/blogdorogeriogomes.com.br\/noticias\/wp-json\/wp\/v2\/posts\/23783\/revisions"}],"predecessor-version":[{"id":23785,"href":"https:\/\/blogdorogeriogomes.com.br\/noticias\/wp-json\/wp\/v2\/posts\/23783\/revisions\/23785"}],"wp:featuredmedia":[{"embeddable":true,"href":"https:\/\/blogdorogeriogomes.com.br\/noticias\/wp-json\/wp\/v2\/media\/23784"}],"wp:attachment":[{"href":"https:\/\/blogdorogeriogomes.com.br\/noticias\/wp-json\/wp\/v2\/media?parent=23783"}],"wp:term":[{"taxonomy":"category","embeddable":true,"href":"https:\/\/blogdorogeriogomes.com.br\/noticias\/wp-json\/wp\/v2\/categories?post=23783"},{"taxonomy":"post_tag","embeddable":true,"href":"https:\/\/blogdorogeriogomes.com.br\/noticias\/wp-json\/wp\/v2\/tags?post=23783"}],"curies":[{"name":"wp","href":"https:\/\/api.w.org\/{rel}","templated":true}]}}