{"id":23786,"date":"2021-12-15T10:46:08","date_gmt":"2021-12-15T10:46:08","guid":{"rendered":"https:\/\/blogdorogeriogomes.com.br\/?p=23786"},"modified":"2021-12-15T11:45:32","modified_gmt":"2021-12-15T11:45:32","slug":"antonio-anastasia-e-escolhido-pelo-senado-para-cargo-de-ministro-do-tcu","status":"publish","type":"post","link":"https:\/\/blogdorogeriogomes.com.br\/noticias\/2021\/12\/antonio-anastasia-e-escolhido-pelo-senado-para-cargo-de-ministro-do-tcu\/","title":{"rendered":"Ant\u00f4nio Anastasia \u00e9 escolhido pelo Senado para cargo de ministro do TCU"},"content":{"rendered":"\n<p>O plen\u00e1rio do Senado escolheu, na noite desta ter\u00e7a-feira, dia 14 de dezembro, o senador Ant\u00f4nio Anastasia (PSD-MG) para o cargo de ministro do Tribunal de Contas da Uni\u00e3o. Anastasia recebeu 52 votos e vai ocupar a vaga deixada pelo ministro Raimundo Carreiro, que ser\u00e1 embaixador do Brasil em Portugal.<\/p>\n\n\n\n<p>Anastasia concorreu \u00e0 vaga no TCU com a senadora K\u00e1tia Abreu (PP-TO), que recebeu 19 votos, e com o senador Bezerra Coelho (MDB-PE), que teve 7 votos.<\/p>\n\n\n\n<p>O TCU \u00e9 formado por nove ministros, sendo que seis s\u00e3o escolhidos pelo Congresso Nacional e tr\u00eas pelo presidente da Rep\u00fablica. Das indica\u00e7\u00f5es feitas pelo chefe do Executivo, duas devem ser feitas entre os ministros substitutos e membros do Minist\u00e9rio P\u00fablico junto ao TCU.&nbsp;<\/p>\n\n\n\n<figure class=\"wp-block-image size-large\"><img loading=\"lazy\" decoding=\"async\" width=\"800\" height=\"530\" src=\"https:\/\/blogdorogeriogomes.com.br\/wp-content\/uploads\/2021\/12\/anastasia-e-eleito-para-vaga-no-tcu.jpg\" alt=\"\" class=\"wp-image-23787\" srcset=\"https:\/\/blogdorogeriogomes.com.br\/noticias\/wp-content\/uploads\/2021\/12\/anastasia-e-eleito-para-vaga-no-tcu.jpg 800w, https:\/\/blogdorogeriogomes.com.br\/noticias\/wp-content\/uploads\/2021\/12\/anastasia-e-eleito-para-vaga-no-tcu-300x199.jpg 300w, https:\/\/blogdorogeriogomes.com.br\/noticias\/wp-content\/uploads\/2021\/12\/anastasia-e-eleito-para-vaga-no-tcu-768x509.jpg 768w\" sizes=\"auto, (max-width: 800px) 100vw, 800px\" \/><\/figure>\n","protected":false},"excerpt":{"rendered":"<p>O plen\u00e1rio do Senado escolheu, na noite desta ter\u00e7a-feira, dia 14 de dezembro, o senador Ant\u00f4nio Anastasia (PSD-MG) para o cargo de ministro do Tribunal de Contas da Uni\u00e3o. Anastasia recebeu 52 votos e vai ocupar a vaga deixada pelo ministro Raimundo Carreiro, que ser\u00e1 embaixador do Brasil em Portugal. Anastasia concorreu \u00e0 vaga no TCU com a senadora K\u00e1tia Abreu (PP-TO), que recebeu 19 votos, e com o senador Bezerra Coelho (MDB-PE), que teve 7 votos. O TCU&hellip;<\/p>\n","protected":false},"author":1,"featured_media":23787,"comment_status":"open","ping_status":"open","sticky":false,"template":"","format":"standard","meta":{"footnotes":""},"categories":[1],"tags":[],"class_list":["post-23786","post","type-post","status-publish","format-standard","has-post-thumbnail","hentry","category-noticias"],"_links":{"self":[{"href":"https:\/\/blogdorogeriogomes.com.br\/noticias\/wp-json\/wp\/v2\/posts\/23786","targetHints":{"allow":["GET"]}}],"collection":[{"href":"https:\/\/blogdorogeriogomes.com.br\/noticias\/wp-json\/wp\/v2\/posts"}],"about":[{"href":"https:\/\/blogdorogeriogomes.com.br\/noticias\/wp-json\/wp\/v2\/types\/post"}],"author":[{"embeddable":true,"href":"https:\/\/blogdorogeriogomes.com.br\/noticias\/wp-json\/wp\/v2\/users\/1"}],"replies":[{"embeddable":true,"href":"https:\/\/blogdorogeriogomes.com.br\/noticias\/wp-json\/wp\/v2\/comments?post=23786"}],"version-history":[{"count":2,"href":"https:\/\/blogdorogeriogomes.com.br\/noticias\/wp-json\/wp\/v2\/posts\/23786\/revisions"}],"predecessor-version":[{"id":23789,"href":"https:\/\/blogdorogeriogomes.com.br\/noticias\/wp-json\/wp\/v2\/posts\/23786\/revisions\/23789"}],"wp:featuredmedia":[{"embeddable":true,"href":"https:\/\/blogdorogeriogomes.com.br\/noticias\/wp-json\/wp\/v2\/media\/23787"}],"wp:attachment":[{"href":"https:\/\/blogdorogeriogomes.com.br\/noticias\/wp-json\/wp\/v2\/media?parent=23786"}],"wp:term":[{"taxonomy":"category","embeddable":true,"href":"https:\/\/blogdorogeriogomes.com.br\/noticias\/wp-json\/wp\/v2\/categories?post=23786"},{"taxonomy":"post_tag","embeddable":true,"href":"https:\/\/blogdorogeriogomes.com.br\/noticias\/wp-json\/wp\/v2\/tags?post=23786"}],"curies":[{"name":"wp","href":"https:\/\/api.w.org\/{rel}","templated":true}]}}