{"id":23799,"date":"2021-12-15T23:09:36","date_gmt":"2021-12-15T23:09:36","guid":{"rendered":"https:\/\/blogdorogeriogomes.com.br\/?p=23799"},"modified":"2021-12-16T10:43:49","modified_gmt":"2021-12-16T10:43:49","slug":"cid-e-ciro-gomes-classificam-operacao-da-pf-de-molecagem-com-objetivo-politiqueiro-irmaos-garantem-nao-haver-qualquer-irregularidade-na-reforma-do-castelao","status":"publish","type":"post","link":"https:\/\/blogdorogeriogomes.com.br\/noticias\/2021\/12\/cid-e-ciro-gomes-classificam-operacao-da-pf-de-molecagem-com-objetivo-politiqueiro-irmaos-garantem-nao-haver-qualquer-irregularidade-na-reforma-do-castelao\/","title":{"rendered":"Cid e Ciro Gomes classificam opera\u00e7\u00e3o da PF de &#8220;molecagem&#8221; com objetivo politiqueiro. Irm\u00e3os garantem n\u00e3o haver qualquer irregularidade na reforma do Castel\u00e3o"},"content":{"rendered":"\n<p>Ap\u00f3s a Pol\u00edcia Federal realizar uma opera\u00e7\u00e3o com mandado de busca e apreens\u00e3o em endere\u00e7o do ex-ministro Ciro Gomes, em Fortaleza, nesta quarta-feira, dia 15 de dezembro, o dia foi de forte repercuss\u00e3o pol\u00edtica. Ciro e o irm\u00e3o Cid Gomes, tamb\u00e9m alvo da opera\u00e7\u00e3o que investiga fraudes na reforma da Arena Castel\u00e3o, passaram o dia dando entrevistas e explica\u00e7\u00f5es para a m\u00eddia. Os dois revelaram que em nenhum momento, desde que a investiga\u00e7\u00e3o foi iniciada, foram chamados para um simples depoimento no caso.<\/p>\n\n\n\n<p>Os irm\u00e3os Ferreira Gomes classificaram a opera\u00e7\u00e3o da PF como uma &#8220;molecagem&#8221; com interesses politiqueiros. &#8220;O objetivo \u00e9 desgastar a imagem do Ciro, de desgastar a nossa imagem, para que isso possa servir ao interesse nacional do moleque Bolsonaro&#8221;, disse Cid Gomes. Ele chegou a denunciar a interfer\u00eancia do Jair Bolsonaro na opera\u00e7\u00e3o da PF, que estaria &#8220;aparelhada&#8221; para defender os interesses do presidente e da fam\u00edlia dele.<\/p>\n\n\n\n<p>Ciro Gomes ainda acrescentou que a den\u00fancia de fraude na reforma do Castel\u00e3o n\u00e3o se sustenta. &#8220;Primeiro, o Castel\u00e3o foi escolhido como o menor pre\u00e7o. Segundo, esse pre\u00e7o foi o menor do Brasil e de todos os est\u00e1dios constru\u00eddos no Pa\u00eds. Terceiro, nenhum delator, nem sequer na leviandade da dela\u00e7\u00e3o premiada me acusou de receber qualquer tipo de vantagem il\u00edcita&#8221;, afirmou.<\/p>\n\n\n\n<p>O senador Cid Gomes disse ainda estranhar a investiga\u00e7\u00e3o com busca e apreens\u00e3o depois de tanto tempo e justamente agora h\u00e1 menos de um ano para as elei\u00e7\u00f5es 2022. &#8220;O est\u00e1dio Castel\u00e3o estava pronto desde 2012. Em dezembro, estamos completando nove anos da execu\u00e7\u00e3o. \u00c9 muito estranho que agora essa quest\u00e3o venha a ser objeto de uma investiga\u00e7\u00e3o&#8221;, comentou Cid, que era governador do Cear\u00e1 \u00e0 \u00e9poca.<\/p>\n\n\n\n<p>Ao longo do dia, Cid e Ciro Gomes receberam a solidariedade de v\u00e1rios pol\u00edticos diante da espetaculariza\u00e7\u00e3o da opera\u00e7\u00e3o da PF, que repercutiu mal at\u00e9 na c\u00fapula do \u00f3rg\u00e3o. O ex-presidente Lula e a ex-presidente Dilma Rousseff; o governador do Maranh\u00e3o, Fl\u00e1vio Dino; o governador do Cear\u00e1, Camilo Santana; o ex-prefeito de Fortaleza, Roberto Cl\u00e1udio, foram alguns que se manifestaram em defesa dos irm\u00e3os Ferreira Gomes. <\/p>\n\n\n\n<figure class=\"wp-block-image size-large\"><img loading=\"lazy\" decoding=\"async\" width=\"679\" height=\"452\" src=\"https:\/\/blogdorogeriogomes.com.br\/wp-content\/uploads\/2021\/12\/images-14.jpeg\" alt=\"\" class=\"wp-image-23800\" srcset=\"https:\/\/blogdorogeriogomes.com.br\/noticias\/wp-content\/uploads\/2021\/12\/images-14.jpeg 679w, https:\/\/blogdorogeriogomes.com.br\/noticias\/wp-content\/uploads\/2021\/12\/images-14-300x200.jpeg 300w\" sizes=\"auto, (max-width: 679px) 100vw, 679px\" \/><\/figure>\n","protected":false},"excerpt":{"rendered":"<p>Ap\u00f3s a Pol\u00edcia Federal realizar uma opera\u00e7\u00e3o com mandado de busca e apreens\u00e3o em endere\u00e7o do ex-ministro Ciro Gomes, em Fortaleza, nesta quarta-feira, dia 15 de dezembro, o dia foi de forte repercuss\u00e3o pol\u00edtica. Ciro e o irm\u00e3o Cid Gomes, tamb\u00e9m alvo da opera\u00e7\u00e3o que investiga fraudes na reforma da Arena Castel\u00e3o, passaram o dia dando entrevistas e explica\u00e7\u00f5es para a m\u00eddia. Os dois revelaram que em nenhum momento, desde que a investiga\u00e7\u00e3o foi iniciada, foram chamados para um&hellip;<\/p>\n","protected":false},"author":1,"featured_media":23800,"comment_status":"open","ping_status":"open","sticky":false,"template":"","format":"standard","meta":{"footnotes":""},"categories":[1],"tags":[],"class_list":["post-23799","post","type-post","status-publish","format-standard","has-post-thumbnail","hentry","category-noticias"],"_links":{"self":[{"href":"https:\/\/blogdorogeriogomes.com.br\/noticias\/wp-json\/wp\/v2\/posts\/23799","targetHints":{"allow":["GET"]}}],"collection":[{"href":"https:\/\/blogdorogeriogomes.com.br\/noticias\/wp-json\/wp\/v2\/posts"}],"about":[{"href":"https:\/\/blogdorogeriogomes.com.br\/noticias\/wp-json\/wp\/v2\/types\/post"}],"author":[{"embeddable":true,"href":"https:\/\/blogdorogeriogomes.com.br\/noticias\/wp-json\/wp\/v2\/users\/1"}],"replies":[{"embeddable":true,"href":"https:\/\/blogdorogeriogomes.com.br\/noticias\/wp-json\/wp\/v2\/comments?post=23799"}],"version-history":[{"count":1,"href":"https:\/\/blogdorogeriogomes.com.br\/noticias\/wp-json\/wp\/v2\/posts\/23799\/revisions"}],"predecessor-version":[{"id":23801,"href":"https:\/\/blogdorogeriogomes.com.br\/noticias\/wp-json\/wp\/v2\/posts\/23799\/revisions\/23801"}],"wp:featuredmedia":[{"embeddable":true,"href":"https:\/\/blogdorogeriogomes.com.br\/noticias\/wp-json\/wp\/v2\/media\/23800"}],"wp:attachment":[{"href":"https:\/\/blogdorogeriogomes.com.br\/noticias\/wp-json\/wp\/v2\/media?parent=23799"}],"wp:term":[{"taxonomy":"category","embeddable":true,"href":"https:\/\/blogdorogeriogomes.com.br\/noticias\/wp-json\/wp\/v2\/categories?post=23799"},{"taxonomy":"post_tag","embeddable":true,"href":"https:\/\/blogdorogeriogomes.com.br\/noticias\/wp-json\/wp\/v2\/tags?post=23799"}],"curies":[{"name":"wp","href":"https:\/\/api.w.org\/{rel}","templated":true}]}}