{"id":23802,"date":"2021-12-15T23:39:28","date_gmt":"2021-12-15T23:39:28","guid":{"rendered":"https:\/\/blogdorogeriogomes.com.br\/?p=23802"},"modified":"2021-12-16T10:43:16","modified_gmt":"2021-12-16T10:43:16","slug":"maioria-do-stf-vota-pela-exigencia-do-passaporte-da-vacina-a-estrangeiros-que-vem-ao-brasil","status":"publish","type":"post","link":"https:\/\/blogdorogeriogomes.com.br\/noticias\/2021\/12\/maioria-do-stf-vota-pela-exigencia-do-passaporte-da-vacina-a-estrangeiros-que-vem-ao-brasil\/","title":{"rendered":"Maioria do STF vota pela exig\u00eancia do passaporte da vacina a estrangeiros que v\u00eam ao Brasil"},"content":{"rendered":"\n<p>O Supremo Tribunal Federal (STF) j\u00e1 tem maioria de votos a favor de manter a decis\u00e3o do ministro&nbsp;Lu\u00eds Roberto Barroso que determinou a obrigatoriedade do chamado passaporte da vacina para viajantes&nbsp;que chegarem ao pa\u00eds.<\/p>\n\n\n\n<p>O julgamento acontece em plen\u00e1rio virtual, no qual os ministros inserem o voto eletronicamente no sistema do STF. A decis\u00e3o de Barroso foi tomada no \u00faltimo s\u00e1bado, dia 11, e atendeu a um pedido do partido Rede Sustentabilidade.<\/p>\n\n\n\n<p>Brasileiros e estrangeiros residentes no Brasil que viajaram para o exterior ap\u00f3s 14 de dezembro e, ao retornar, n\u00e3o apresentarem comprovante de vacina\u00e7\u00e3o dever\u00e3o comprovar o teste negativo de Covid-19 e fazer quarentena de 5 dias, que somente se encerrar\u00e1 com novo teste negativo.<\/p>\n\n\n\n<figure class=\"wp-block-image size-large\"><img loading=\"lazy\" decoding=\"async\" width=\"678\" height=\"452\" src=\"https:\/\/blogdorogeriogomes.com.br\/wp-content\/uploads\/2021\/12\/images-15.jpeg\" alt=\"\" class=\"wp-image-23803\" srcset=\"https:\/\/blogdorogeriogomes.com.br\/noticias\/wp-content\/uploads\/2021\/12\/images-15.jpeg 678w, https:\/\/blogdorogeriogomes.com.br\/noticias\/wp-content\/uploads\/2021\/12\/images-15-300x200.jpeg 300w\" sizes=\"auto, (max-width: 678px) 100vw, 678px\" \/><\/figure>\n","protected":false},"excerpt":{"rendered":"<p>O Supremo Tribunal Federal (STF) j\u00e1 tem maioria de votos a favor de manter a decis\u00e3o do ministro&nbsp;Lu\u00eds Roberto Barroso que determinou a obrigatoriedade do chamado passaporte da vacina para viajantes&nbsp;que chegarem ao pa\u00eds. O julgamento acontece em plen\u00e1rio virtual, no qual os ministros inserem o voto eletronicamente no sistema do STF. A decis\u00e3o de Barroso foi tomada no \u00faltimo s\u00e1bado, dia 11, e atendeu a um pedido do partido Rede Sustentabilidade. Brasileiros e estrangeiros residentes no Brasil que&hellip;<\/p>\n","protected":false},"author":1,"featured_media":23803,"comment_status":"open","ping_status":"open","sticky":false,"template":"","format":"standard","meta":{"footnotes":""},"categories":[1],"tags":[],"class_list":["post-23802","post","type-post","status-publish","format-standard","has-post-thumbnail","hentry","category-noticias"],"_links":{"self":[{"href":"https:\/\/blogdorogeriogomes.com.br\/noticias\/wp-json\/wp\/v2\/posts\/23802","targetHints":{"allow":["GET"]}}],"collection":[{"href":"https:\/\/blogdorogeriogomes.com.br\/noticias\/wp-json\/wp\/v2\/posts"}],"about":[{"href":"https:\/\/blogdorogeriogomes.com.br\/noticias\/wp-json\/wp\/v2\/types\/post"}],"author":[{"embeddable":true,"href":"https:\/\/blogdorogeriogomes.com.br\/noticias\/wp-json\/wp\/v2\/users\/1"}],"replies":[{"embeddable":true,"href":"https:\/\/blogdorogeriogomes.com.br\/noticias\/wp-json\/wp\/v2\/comments?post=23802"}],"version-history":[{"count":2,"href":"https:\/\/blogdorogeriogomes.com.br\/noticias\/wp-json\/wp\/v2\/posts\/23802\/revisions"}],"predecessor-version":[{"id":23812,"href":"https:\/\/blogdorogeriogomes.com.br\/noticias\/wp-json\/wp\/v2\/posts\/23802\/revisions\/23812"}],"wp:featuredmedia":[{"embeddable":true,"href":"https:\/\/blogdorogeriogomes.com.br\/noticias\/wp-json\/wp\/v2\/media\/23803"}],"wp:attachment":[{"href":"https:\/\/blogdorogeriogomes.com.br\/noticias\/wp-json\/wp\/v2\/media?parent=23802"}],"wp:term":[{"taxonomy":"category","embeddable":true,"href":"https:\/\/blogdorogeriogomes.com.br\/noticias\/wp-json\/wp\/v2\/categories?post=23802"},{"taxonomy":"post_tag","embeddable":true,"href":"https:\/\/blogdorogeriogomes.com.br\/noticias\/wp-json\/wp\/v2\/tags?post=23802"}],"curies":[{"name":"wp","href":"https:\/\/api.w.org\/{rel}","templated":true}]}}