{"id":23805,"date":"2021-12-16T10:00:55","date_gmt":"2021-12-16T10:00:55","guid":{"rendered":"https:\/\/blogdorogeriogomes.com.br\/?p=23805"},"modified":"2021-12-16T10:43:06","modified_gmt":"2021-12-16T10:43:06","slug":"geraldo-alckmin-deixa-psdb-e-avanca-nas-conversas-para-ser-vice-de-lula","status":"publish","type":"post","link":"https:\/\/blogdorogeriogomes.com.br\/noticias\/2021\/12\/geraldo-alckmin-deixa-psdb-e-avanca-nas-conversas-para-ser-vice-de-lula\/","title":{"rendered":"Geraldo Alckmin deixa PSDB e avan\u00e7a nas conversas para ser vice de Lula"},"content":{"rendered":"\n<p>Ap\u00f3s 33 anos no PSDB, o ex-governador de S\u00e3o Paulo, Geraldo Alckmin, anunciou a sa\u00edda do partido e estar\u00e1 na oposi\u00e7\u00e3o pela primeira vez. E as negocia\u00e7\u00f5es de momento apontam para que o ex-tucano venha a ser o candidato a vice na chapa do ex-presidente Lula (PT). No pr\u00f3ximo domingo, dia 19 de dezembro, Lula e Alckmin ter\u00e3o o primeiro encontro p\u00fablico em um jantar promovido em S\u00e3o Paulo pelo grupo Prerrogativas, que re\u00fane advogados, juristas, defensores p\u00fablicos, ju\u00edzes e procuradores. O grupo se notabilizou por cr\u00edticas \u00e0 Opera\u00e7\u00e3o Lava Jato e em especial ao ex-juiz Sergio Moro, agora pr\u00e9 candidato \u00e0 Presid\u00eancia da Rep\u00fablica.<\/p>\n\n\n\n<p>Alckmin tem negocia\u00e7\u00f5es para se transferir para o PSB, mas tem um plano B para ingressar no PSD ou Solidariedade. Tudo vai depender do rumo pol\u00edtico que ir\u00e1 tomar: ser vice do Lula na disputa presidencial ou disputar o Governo de S\u00e3o Paulo, onde lidera as pesquisas. O certo \u00e9 que Lula e Geraldo Alckmin s\u00f3 devem anunciar uma poss\u00edvel alian\u00e7a nos primeiros meses de 2022. A ordem \u00e9 n\u00e3o acelerar o processo.<br><\/p>\n\n\n\n<figure class=\"wp-block-image size-large\"><img loading=\"lazy\" decoding=\"async\" width=\"739\" height=\"415\" src=\"https:\/\/blogdorogeriogomes.com.br\/wp-content\/uploads\/2021\/12\/images-16.jpeg\" alt=\"\" class=\"wp-image-23806\" srcset=\"https:\/\/blogdorogeriogomes.com.br\/noticias\/wp-content\/uploads\/2021\/12\/images-16.jpeg 739w, https:\/\/blogdorogeriogomes.com.br\/noticias\/wp-content\/uploads\/2021\/12\/images-16-300x168.jpeg 300w\" sizes=\"auto, (max-width: 739px) 100vw, 739px\" \/><\/figure>\n","protected":false},"excerpt":{"rendered":"<p>Ap\u00f3s 33 anos no PSDB, o ex-governador de S\u00e3o Paulo, Geraldo Alckmin, anunciou a sa\u00edda do partido e estar\u00e1 na oposi\u00e7\u00e3o pela primeira vez. E as negocia\u00e7\u00f5es de momento apontam para que o ex-tucano venha a ser o candidato a vice na chapa do ex-presidente Lula (PT). No pr\u00f3ximo domingo, dia 19 de dezembro, Lula e Alckmin ter\u00e3o o primeiro encontro p\u00fablico em um jantar promovido em S\u00e3o Paulo pelo grupo Prerrogativas, que re\u00fane advogados, juristas, defensores p\u00fablicos, ju\u00edzes&hellip;<\/p>\n","protected":false},"author":1,"featured_media":23806,"comment_status":"open","ping_status":"open","sticky":false,"template":"","format":"standard","meta":{"footnotes":""},"categories":[1],"tags":[],"class_list":["post-23805","post","type-post","status-publish","format-standard","has-post-thumbnail","hentry","category-noticias"],"_links":{"self":[{"href":"https:\/\/blogdorogeriogomes.com.br\/noticias\/wp-json\/wp\/v2\/posts\/23805","targetHints":{"allow":["GET"]}}],"collection":[{"href":"https:\/\/blogdorogeriogomes.com.br\/noticias\/wp-json\/wp\/v2\/posts"}],"about":[{"href":"https:\/\/blogdorogeriogomes.com.br\/noticias\/wp-json\/wp\/v2\/types\/post"}],"author":[{"embeddable":true,"href":"https:\/\/blogdorogeriogomes.com.br\/noticias\/wp-json\/wp\/v2\/users\/1"}],"replies":[{"embeddable":true,"href":"https:\/\/blogdorogeriogomes.com.br\/noticias\/wp-json\/wp\/v2\/comments?post=23805"}],"version-history":[{"count":1,"href":"https:\/\/blogdorogeriogomes.com.br\/noticias\/wp-json\/wp\/v2\/posts\/23805\/revisions"}],"predecessor-version":[{"id":23807,"href":"https:\/\/blogdorogeriogomes.com.br\/noticias\/wp-json\/wp\/v2\/posts\/23805\/revisions\/23807"}],"wp:featuredmedia":[{"embeddable":true,"href":"https:\/\/blogdorogeriogomes.com.br\/noticias\/wp-json\/wp\/v2\/media\/23806"}],"wp:attachment":[{"href":"https:\/\/blogdorogeriogomes.com.br\/noticias\/wp-json\/wp\/v2\/media?parent=23805"}],"wp:term":[{"taxonomy":"category","embeddable":true,"href":"https:\/\/blogdorogeriogomes.com.br\/noticias\/wp-json\/wp\/v2\/categories?post=23805"},{"taxonomy":"post_tag","embeddable":true,"href":"https:\/\/blogdorogeriogomes.com.br\/noticias\/wp-json\/wp\/v2\/tags?post=23805"}],"curies":[{"name":"wp","href":"https:\/\/api.w.org\/{rel}","templated":true}]}}