{"id":23808,"date":"2021-12-16T10:16:25","date_gmt":"2021-12-16T10:16:25","guid":{"rendered":"https:\/\/blogdorogeriogomes.com.br\/?p=23808"},"modified":"2021-12-16T10:42:52","modified_gmt":"2021-12-16T10:42:52","slug":"fortaleza-aplica-reforco-da-janssen-e-estica-mutirao-da-terceira-dose-sem-agendamento-ate-domingo","status":"publish","type":"post","link":"https:\/\/blogdorogeriogomes.com.br\/noticias\/2021\/12\/fortaleza-aplica-reforco-da-janssen-e-estica-mutirao-da-terceira-dose-sem-agendamento-ate-domingo\/","title":{"rendered":"Fortaleza aplica refor\u00e7o da Janssen e estica mutir\u00e3o da terceira dose sem agendamento at\u00e9 domingo"},"content":{"rendered":"\n<p>A Prefeitura de Fortaleza segue as a\u00e7\u00f5es de refor\u00e7o na vacina\u00e7\u00e3o contra o coronav\u00edrus. A aplica\u00e7\u00e3o da&nbsp;segunda dose do imunizante contra Covid-19 fabricado pela Janssen&nbsp;come\u00e7a nesta quinta-feira, dia 16 de dezembro, em Fortaleza. A prefeitura da capital divulgou as listas de agendados at\u00e9 esta sexta-feira, dia 17.<\/p>\n\n\n\n<p>A Secretaria de Sa\u00fade do Munic\u00edpio prorrogou at\u00e9 domingo, dia 19, de 9 \u00e0s 17 horas, no Centro de Eventos do Cear\u00e1 (drive e sal\u00e3o), o mutir\u00e3o para a terceira dose contra a Covid-19. Ser\u00e3o contemplados fortalezenses a partir de 18 anos de idade que receberam a segunda dose at\u00e9 dia 16 de julho, ou seja, que atingiram cinco meses desde a \u00faltima aplica\u00e7\u00e3o, mesmo que n\u00e3o tenham sido convocados anteriormente.<\/p>\n\n\n\n<figure class=\"wp-block-image size-large\"><img loading=\"lazy\" decoding=\"async\" width=\"984\" height=\"656\" src=\"https:\/\/blogdorogeriogomes.com.br\/wp-content\/uploads\/2021\/12\/dsc-3622-0.jpg\" alt=\"\" class=\"wp-image-23809\" srcset=\"https:\/\/blogdorogeriogomes.com.br\/noticias\/wp-content\/uploads\/2021\/12\/dsc-3622-0.jpg 984w, https:\/\/blogdorogeriogomes.com.br\/noticias\/wp-content\/uploads\/2021\/12\/dsc-3622-0-300x200.jpg 300w, https:\/\/blogdorogeriogomes.com.br\/noticias\/wp-content\/uploads\/2021\/12\/dsc-3622-0-768x512.jpg 768w, https:\/\/blogdorogeriogomes.com.br\/noticias\/wp-content\/uploads\/2021\/12\/dsc-3622-0-800x533.jpg 800w\" sizes=\"auto, (max-width: 984px) 100vw, 984px\" \/><\/figure>\n","protected":false},"excerpt":{"rendered":"<p>A Prefeitura de Fortaleza segue as a\u00e7\u00f5es de refor\u00e7o na vacina\u00e7\u00e3o contra o coronav\u00edrus. A aplica\u00e7\u00e3o da&nbsp;segunda dose do imunizante contra Covid-19 fabricado pela Janssen&nbsp;come\u00e7a nesta quinta-feira, dia 16 de dezembro, em Fortaleza. A prefeitura da capital divulgou as listas de agendados at\u00e9 esta sexta-feira, dia 17. A Secretaria de Sa\u00fade do Munic\u00edpio prorrogou at\u00e9 domingo, dia 19, de 9 \u00e0s 17 horas, no Centro de Eventos do Cear\u00e1 (drive e sal\u00e3o), o mutir\u00e3o para a terceira dose contra&hellip;<\/p>\n","protected":false},"author":1,"featured_media":23809,"comment_status":"open","ping_status":"open","sticky":false,"template":"","format":"standard","meta":{"footnotes":""},"categories":[1],"tags":[],"class_list":["post-23808","post","type-post","status-publish","format-standard","has-post-thumbnail","hentry","category-noticias"],"_links":{"self":[{"href":"https:\/\/blogdorogeriogomes.com.br\/noticias\/wp-json\/wp\/v2\/posts\/23808","targetHints":{"allow":["GET"]}}],"collection":[{"href":"https:\/\/blogdorogeriogomes.com.br\/noticias\/wp-json\/wp\/v2\/posts"}],"about":[{"href":"https:\/\/blogdorogeriogomes.com.br\/noticias\/wp-json\/wp\/v2\/types\/post"}],"author":[{"embeddable":true,"href":"https:\/\/blogdorogeriogomes.com.br\/noticias\/wp-json\/wp\/v2\/users\/1"}],"replies":[{"embeddable":true,"href":"https:\/\/blogdorogeriogomes.com.br\/noticias\/wp-json\/wp\/v2\/comments?post=23808"}],"version-history":[{"count":2,"href":"https:\/\/blogdorogeriogomes.com.br\/noticias\/wp-json\/wp\/v2\/posts\/23808\/revisions"}],"predecessor-version":[{"id":23811,"href":"https:\/\/blogdorogeriogomes.com.br\/noticias\/wp-json\/wp\/v2\/posts\/23808\/revisions\/23811"}],"wp:featuredmedia":[{"embeddable":true,"href":"https:\/\/blogdorogeriogomes.com.br\/noticias\/wp-json\/wp\/v2\/media\/23809"}],"wp:attachment":[{"href":"https:\/\/blogdorogeriogomes.com.br\/noticias\/wp-json\/wp\/v2\/media?parent=23808"}],"wp:term":[{"taxonomy":"category","embeddable":true,"href":"https:\/\/blogdorogeriogomes.com.br\/noticias\/wp-json\/wp\/v2\/categories?post=23808"},{"taxonomy":"post_tag","embeddable":true,"href":"https:\/\/blogdorogeriogomes.com.br\/noticias\/wp-json\/wp\/v2\/tags?post=23808"}],"curies":[{"name":"wp","href":"https:\/\/api.w.org\/{rel}","templated":true}]}}