{"id":23817,"date":"2021-12-16T22:48:39","date_gmt":"2021-12-16T22:48:39","guid":{"rendered":"https:\/\/blogdorogeriogomes.com.br\/?p=23817"},"modified":"2021-12-17T11:06:02","modified_gmt":"2021-12-17T11:06:02","slug":"anvisa-libera-vacina-para-criancas-entre-5-e-11-anos-e-sesa-vai-abrir-cadastro-para-a-faixa-etaria-no-ceara","status":"publish","type":"post","link":"https:\/\/blogdorogeriogomes.com.br\/noticias\/2021\/12\/anvisa-libera-vacina-para-criancas-entre-5-e-11-anos-e-sesa-vai-abrir-cadastro-para-a-faixa-etaria-no-ceara\/","title":{"rendered":"Anvisa libera vacina para crian\u00e7as entre 5 e 11 anos e Sesa vai abrir cadastro para a faixa et\u00e1ria no Cear\u00e1"},"content":{"rendered":"\n<p>Para irrita\u00e7\u00e3o do presidente Jair Bolsonaro, que claramente tem se posicionado contra a vacina da Covid-19, a Ag\u00eancia Nacional de Vigil\u00e2ncia Sanit\u00e1ria (Anvisa) anunciou a aprova\u00e7\u00e3o do uso da vacina da Pfizer para crian\u00e7as de 5 a 11 anos.&nbsp;\u00c9 mais um fator de desgaste entre Bolsonaro e o presidente da Anvisa, Ant\u00f4nio Barra Torres, que tem utilizado o crit\u00e9rio t\u00e9cnico-cient\u00edfico para tomar suas decis\u00f5es a respeito das vacinas.<\/p>\n\n\n\n<p>No Cear\u00e1, o Governo do Estado j\u00e1 anunciou que vai liberar o cadastro da popula\u00e7\u00e3o entre 5 e 11 anos&nbsp;para a vacina\u00e7\u00e3o contra o coronav\u00edrus na plataforma Sa\u00fade Digital.&nbsp;<\/p>\n\n\n\n<p>O in\u00edcio da imuniza\u00e7\u00e3o, no entanto, vai depender da chegada de novas doses. O ministro da Sa\u00fade, Marcelo Queiroga, j\u00e1 disse que n\u00e3o haver\u00e1 vacinas dispon\u00edveis para este ano e quer reavaliar a decis\u00e3o da Anvisa.<\/p>\n\n\n\n<figure class=\"wp-block-image size-large\"><img loading=\"lazy\" decoding=\"async\" width=\"750\" height=\"500\" src=\"https:\/\/blogdorogeriogomes.com.br\/wp-content\/uploads\/2021\/12\/1_11_04_2021_24022021_04062020vacina_marc7504-15425526.jpg\" alt=\"\" class=\"wp-image-23818\" srcset=\"https:\/\/blogdorogeriogomes.com.br\/noticias\/wp-content\/uploads\/2021\/12\/1_11_04_2021_24022021_04062020vacina_marc7504-15425526.jpg 750w, https:\/\/blogdorogeriogomes.com.br\/noticias\/wp-content\/uploads\/2021\/12\/1_11_04_2021_24022021_04062020vacina_marc7504-15425526-300x200.jpg 300w\" sizes=\"auto, (max-width: 750px) 100vw, 750px\" \/><\/figure>\n","protected":false},"excerpt":{"rendered":"<p>Para irrita\u00e7\u00e3o do presidente Jair Bolsonaro, que claramente tem se posicionado contra a vacina da Covid-19, a Ag\u00eancia Nacional de Vigil\u00e2ncia Sanit\u00e1ria (Anvisa) anunciou a aprova\u00e7\u00e3o do uso da vacina da Pfizer para crian\u00e7as de 5 a 11 anos.&nbsp;\u00c9 mais um fator de desgaste entre Bolsonaro e o presidente da Anvisa, Ant\u00f4nio Barra Torres, que tem utilizado o crit\u00e9rio t\u00e9cnico-cient\u00edfico para tomar suas decis\u00f5es a respeito das vacinas. No Cear\u00e1, o Governo do Estado j\u00e1 anunciou que vai liberar&hellip;<\/p>\n","protected":false},"author":1,"featured_media":23818,"comment_status":"open","ping_status":"open","sticky":false,"template":"","format":"standard","meta":{"footnotes":""},"categories":[1],"tags":[],"class_list":["post-23817","post","type-post","status-publish","format-standard","has-post-thumbnail","hentry","category-noticias"],"_links":{"self":[{"href":"https:\/\/blogdorogeriogomes.com.br\/noticias\/wp-json\/wp\/v2\/posts\/23817","targetHints":{"allow":["GET"]}}],"collection":[{"href":"https:\/\/blogdorogeriogomes.com.br\/noticias\/wp-json\/wp\/v2\/posts"}],"about":[{"href":"https:\/\/blogdorogeriogomes.com.br\/noticias\/wp-json\/wp\/v2\/types\/post"}],"author":[{"embeddable":true,"href":"https:\/\/blogdorogeriogomes.com.br\/noticias\/wp-json\/wp\/v2\/users\/1"}],"replies":[{"embeddable":true,"href":"https:\/\/blogdorogeriogomes.com.br\/noticias\/wp-json\/wp\/v2\/comments?post=23817"}],"version-history":[{"count":2,"href":"https:\/\/blogdorogeriogomes.com.br\/noticias\/wp-json\/wp\/v2\/posts\/23817\/revisions"}],"predecessor-version":[{"id":23823,"href":"https:\/\/blogdorogeriogomes.com.br\/noticias\/wp-json\/wp\/v2\/posts\/23817\/revisions\/23823"}],"wp:featuredmedia":[{"embeddable":true,"href":"https:\/\/blogdorogeriogomes.com.br\/noticias\/wp-json\/wp\/v2\/media\/23818"}],"wp:attachment":[{"href":"https:\/\/blogdorogeriogomes.com.br\/noticias\/wp-json\/wp\/v2\/media?parent=23817"}],"wp:term":[{"taxonomy":"category","embeddable":true,"href":"https:\/\/blogdorogeriogomes.com.br\/noticias\/wp-json\/wp\/v2\/categories?post=23817"},{"taxonomy":"post_tag","embeddable":true,"href":"https:\/\/blogdorogeriogomes.com.br\/noticias\/wp-json\/wp\/v2\/tags?post=23817"}],"curies":[{"name":"wp","href":"https:\/\/api.w.org\/{rel}","templated":true}]}}