{"id":23833,"date":"2021-12-17T18:45:56","date_gmt":"2021-12-17T18:45:56","guid":{"rendered":"https:\/\/blogdorogeriogomes.com.br\/?p=23833"},"modified":"2021-12-18T11:36:48","modified_gmt":"2021-12-18T11:36:48","slug":"festival-da-sardinha-movimenta-a-economia-do-litoral-leste-a-partir-desta-sexta-feira","status":"publish","type":"post","link":"https:\/\/blogdorogeriogomes.com.br\/noticias\/2021\/12\/festival-da-sardinha-movimenta-a-economia-do-litoral-leste-a-partir-desta-sexta-feira\/","title":{"rendered":"Festival da Sardinha movimenta a economia do Litoral Leste a partir desta sexta-feira"},"content":{"rendered":"\n<p>Come\u00e7a nesta sexta-feira, dia 17 de dezembro, na praia da Caponga, em Cascavel, a 13\u00aa edi\u00e7\u00e3o do Festival da Sardinha: Gastronomia e Arte no Litoral Cearense. O evento cultural e gastron\u00f4mico tem como tema central &#8220;A Tecnologia Unindo Povos&#8221;.<\/p>\n\n\n\n<p>O evento acontecer\u00e1 em conformidade com as regras definidas nos protocolos sanit\u00e1rios decorrentes da pandemia do Covid-19, com a exig\u00eancia do comprovante de vacina\u00e7\u00e3o.<\/p>\n\n\n\n<p>O Festival da Sardinha tem programa\u00e7\u00e3o de shows at\u00e9 domingo.<\/p>\n\n\n\n<p>17\/12\/21 &#8211; sexta-feira<\/p>\n\n\n\n<p>\u200bLocal: Pra\u00e7a da Sardinha&nbsp;<\/p>\n\n\n\n<p>18h: Arena Gastron\u00f4mica e Arena Cascavel Empreendedor<\/p>\n\n\n\n<p>Arena Musical&nbsp;<\/p>\n\n\n\n<p>20h: Banda Veneno<\/p>\n\n\n\n<p>22h: Samira Show<\/p>\n\n\n\n<p>0h: Luis Marcelo e Gabriel<\/p>\n\n\n\n<p>18\/12\/21 \u2013 S\u00e1bado&nbsp;<\/p>\n\n\n\n<p>Local: Pra\u00e7a da Sardinha&nbsp;<\/p>\n\n\n\n<p>18h: Arena Gastron\u00f4mica e Arena Cascavel Empreendedor<\/p>\n\n\n\n<p>Arena Musical&nbsp;<\/p>\n\n\n\n<p>18h30min: Baila Comigo<\/p>\n\n\n\n<p>20h: Fabio Carneirinho<\/p>\n\n\n\n<p>22h: Tati Portela com participa\u00e7\u00e3o de Carlinhos Na\u00e7\u00e3o<\/p>\n\n\n\n<p>0h: Felip\u00e3o<\/p>\n\n\n\n<p>19\/12\/21 &#8211; Domingo&nbsp;<\/p>\n\n\n\n<p>Regata Cultural do Festival da Sardinha&nbsp;<\/p>\n\n\n\n<p>Hor\u00e1rio: a partir das 10h<\/p>\n\n\n\n<p>Local: Cal\u00e7ad\u00e3o<\/p>\n\n\n\n<p>11h: Forr\u00f3 Paix\u00e3o<\/p>\n\n\n\n<p>13h30min: Dona Leda<\/p>\n\n\n\n<figure class=\"wp-block-image size-large\"><img loading=\"lazy\" decoding=\"async\" width=\"300\" height=\"186\" src=\"https:\/\/blogdorogeriogomes.com.br\/wp-content\/uploads\/2021\/12\/images-17.jpeg\" alt=\"\" class=\"wp-image-23834\"\/><\/figure>\n","protected":false},"excerpt":{"rendered":"<p>Come\u00e7a nesta sexta-feira, dia 17 de dezembro, na praia da Caponga, em Cascavel, a 13\u00aa edi\u00e7\u00e3o do Festival da Sardinha: Gastronomia e Arte no Litoral Cearense. O evento cultural e gastron\u00f4mico tem como tema central &#8220;A Tecnologia Unindo Povos&#8221;. O evento acontecer\u00e1 em conformidade com as regras definidas nos protocolos sanit\u00e1rios decorrentes da pandemia do Covid-19, com a exig\u00eancia do comprovante de vacina\u00e7\u00e3o. O Festival da Sardinha tem programa\u00e7\u00e3o de shows at\u00e9 domingo. 17\/12\/21 &#8211; sexta-feira \u200bLocal: Pra\u00e7a da&hellip;<\/p>\n","protected":false},"author":1,"featured_media":23834,"comment_status":"open","ping_status":"open","sticky":false,"template":"","format":"standard","meta":{"footnotes":""},"categories":[1],"tags":[],"class_list":["post-23833","post","type-post","status-publish","format-standard","has-post-thumbnail","hentry","category-noticias"],"_links":{"self":[{"href":"https:\/\/blogdorogeriogomes.com.br\/noticias\/wp-json\/wp\/v2\/posts\/23833","targetHints":{"allow":["GET"]}}],"collection":[{"href":"https:\/\/blogdorogeriogomes.com.br\/noticias\/wp-json\/wp\/v2\/posts"}],"about":[{"href":"https:\/\/blogdorogeriogomes.com.br\/noticias\/wp-json\/wp\/v2\/types\/post"}],"author":[{"embeddable":true,"href":"https:\/\/blogdorogeriogomes.com.br\/noticias\/wp-json\/wp\/v2\/users\/1"}],"replies":[{"embeddable":true,"href":"https:\/\/blogdorogeriogomes.com.br\/noticias\/wp-json\/wp\/v2\/comments?post=23833"}],"version-history":[{"count":1,"href":"https:\/\/blogdorogeriogomes.com.br\/noticias\/wp-json\/wp\/v2\/posts\/23833\/revisions"}],"predecessor-version":[{"id":23835,"href":"https:\/\/blogdorogeriogomes.com.br\/noticias\/wp-json\/wp\/v2\/posts\/23833\/revisions\/23835"}],"wp:featuredmedia":[{"embeddable":true,"href":"https:\/\/blogdorogeriogomes.com.br\/noticias\/wp-json\/wp\/v2\/media\/23834"}],"wp:attachment":[{"href":"https:\/\/blogdorogeriogomes.com.br\/noticias\/wp-json\/wp\/v2\/media?parent=23833"}],"wp:term":[{"taxonomy":"category","embeddable":true,"href":"https:\/\/blogdorogeriogomes.com.br\/noticias\/wp-json\/wp\/v2\/categories?post=23833"},{"taxonomy":"post_tag","embeddable":true,"href":"https:\/\/blogdorogeriogomes.com.br\/noticias\/wp-json\/wp\/v2\/tags?post=23833"}],"curies":[{"name":"wp","href":"https:\/\/api.w.org\/{rel}","templated":true}]}}