{"id":23838,"date":"2021-12-18T12:13:51","date_gmt":"2021-12-18T12:13:51","guid":{"rendered":"https:\/\/blogdorogeriogomes.com.br\/?p=23838"},"modified":"2021-12-20T11:23:17","modified_gmt":"2021-12-20T11:23:17","slug":"exigencia-do-passaporte-de-vacina-no-ceara-vai-se-estender-a-hoteis-pousadas-e-academias-a-partir-de-janeiro","status":"publish","type":"post","link":"https:\/\/blogdorogeriogomes.com.br\/noticias\/2021\/12\/exigencia-do-passaporte-de-vacina-no-ceara-vai-se-estender-a-hoteis-pousadas-e-academias-a-partir-de-janeiro\/","title":{"rendered":"Exig\u00eancia do passaporte de vacina no Cear\u00e1 vai se estender a hot\u00e9is, pousadas e academias a partir de janeiro"},"content":{"rendered":"\n<p>Como forma de prevenir o avan\u00e7o da nova variante do coronav\u00edrus, o Comit\u00ea Estadual de Enfrentamento \u00e0 Covid-19 deve estender a partir de janeiro a exig\u00eancia do passaporte de vacina\u00e7\u00e3o em hot\u00e9is, pousadas e academias. A informa\u00e7\u00e3o \u00e9 do secret\u00e1rio executivo de Planejamento e Or\u00e7amento do estado, Fl\u00e1vio Ataliba.<\/p>\n\n\n\n<p>A inten\u00e7\u00e3o da Secretaria de Sa\u00fade do Cear\u00e1 \u00e9 ampliar o ciclo vacinal em todo o Estado. A vacina \u00e9 a melhor forma de evitar casos graves da Covid-19.<\/p>\n\n\n\n<p>O Cear\u00e1 ultrapassou os 80% de pessoas acima de 12 anos vacinadas com duas doses contra a Covid-19. Mais de 90% da popula\u00e7\u00e3o tomaram pelo menos uma dose do imunizante.<\/p>\n\n\n\n<figure class=\"wp-block-image size-large\"><img loading=\"lazy\" decoding=\"async\" width=\"745\" height=\"411\" src=\"https:\/\/blogdorogeriogomes.com.br\/wp-content\/uploads\/2021\/12\/images-18.jpeg\" alt=\"\" class=\"wp-image-23839\" srcset=\"https:\/\/blogdorogeriogomes.com.br\/noticias\/wp-content\/uploads\/2021\/12\/images-18.jpeg 745w, https:\/\/blogdorogeriogomes.com.br\/noticias\/wp-content\/uploads\/2021\/12\/images-18-300x166.jpeg 300w\" sizes=\"auto, (max-width: 745px) 100vw, 745px\" \/><\/figure>\n","protected":false},"excerpt":{"rendered":"<p>Como forma de prevenir o avan\u00e7o da nova variante do coronav\u00edrus, o Comit\u00ea Estadual de Enfrentamento \u00e0 Covid-19 deve estender a partir de janeiro a exig\u00eancia do passaporte de vacina\u00e7\u00e3o em hot\u00e9is, pousadas e academias. A informa\u00e7\u00e3o \u00e9 do secret\u00e1rio executivo de Planejamento e Or\u00e7amento do estado, Fl\u00e1vio Ataliba. A inten\u00e7\u00e3o da Secretaria de Sa\u00fade do Cear\u00e1 \u00e9 ampliar o ciclo vacinal em todo o Estado. A vacina \u00e9 a melhor forma de evitar casos graves da Covid-19. O&hellip;<\/p>\n","protected":false},"author":1,"featured_media":23839,"comment_status":"open","ping_status":"open","sticky":false,"template":"","format":"standard","meta":{"footnotes":""},"categories":[1],"tags":[],"class_list":["post-23838","post","type-post","status-publish","format-standard","has-post-thumbnail","hentry","category-noticias"],"_links":{"self":[{"href":"https:\/\/blogdorogeriogomes.com.br\/noticias\/wp-json\/wp\/v2\/posts\/23838","targetHints":{"allow":["GET"]}}],"collection":[{"href":"https:\/\/blogdorogeriogomes.com.br\/noticias\/wp-json\/wp\/v2\/posts"}],"about":[{"href":"https:\/\/blogdorogeriogomes.com.br\/noticias\/wp-json\/wp\/v2\/types\/post"}],"author":[{"embeddable":true,"href":"https:\/\/blogdorogeriogomes.com.br\/noticias\/wp-json\/wp\/v2\/users\/1"}],"replies":[{"embeddable":true,"href":"https:\/\/blogdorogeriogomes.com.br\/noticias\/wp-json\/wp\/v2\/comments?post=23838"}],"version-history":[{"count":1,"href":"https:\/\/blogdorogeriogomes.com.br\/noticias\/wp-json\/wp\/v2\/posts\/23838\/revisions"}],"predecessor-version":[{"id":23840,"href":"https:\/\/blogdorogeriogomes.com.br\/noticias\/wp-json\/wp\/v2\/posts\/23838\/revisions\/23840"}],"wp:featuredmedia":[{"embeddable":true,"href":"https:\/\/blogdorogeriogomes.com.br\/noticias\/wp-json\/wp\/v2\/media\/23839"}],"wp:attachment":[{"href":"https:\/\/blogdorogeriogomes.com.br\/noticias\/wp-json\/wp\/v2\/media?parent=23838"}],"wp:term":[{"taxonomy":"category","embeddable":true,"href":"https:\/\/blogdorogeriogomes.com.br\/noticias\/wp-json\/wp\/v2\/categories?post=23838"},{"taxonomy":"post_tag","embeddable":true,"href":"https:\/\/blogdorogeriogomes.com.br\/noticias\/wp-json\/wp\/v2\/tags?post=23838"}],"curies":[{"name":"wp","href":"https:\/\/api.w.org\/{rel}","templated":true}]}}