{"id":23841,"date":"2021-12-18T13:02:24","date_gmt":"2021-12-18T13:02:24","guid":{"rendered":"https:\/\/blogdorogeriogomes.com.br\/?p=23841"},"modified":"2021-12-20T11:23:09","modified_gmt":"2021-12-20T11:23:09","slug":"lewandowski-da-prazo-ate-segunda-feira-para-o-governo-bolsonaro-apresentar-plano-de-vacinacao-para-criancas-entre-5-e-11-anos","status":"publish","type":"post","link":"https:\/\/blogdorogeriogomes.com.br\/noticias\/2021\/12\/lewandowski-da-prazo-ate-segunda-feira-para-o-governo-bolsonaro-apresentar-plano-de-vacinacao-para-criancas-entre-5-e-11-anos\/","title":{"rendered":"Lewandowski d\u00e1 prazo at\u00e9 segunda-feira para o Governo Bolsonaro apresentar plano de vacina\u00e7\u00e3o para crian\u00e7as entre 5 e 11 anos"},"content":{"rendered":"\n<p>Sob press\u00e3o do STF, o Governo Bolsonaro ter\u00e1 de se movimentar para implementar a vacina\u00e7\u00e3o contra a Covid-19 para o p\u00fablico entre 5 e 11 anos, como j\u00e1 aprovou a Ag\u00eancia Nacional de Vigil\u00e2ncia Sanit\u00e1ria (Anvisa). O presidente Jair Bolsonaro e o ministro da Sa\u00fade, Marcelo Queiroga, mostram insatisfa\u00e7\u00e3o com a medida, a exemplo do que aconteceu com a imuniza\u00e7\u00e3o estendida ao p\u00fablico adolescente. O ministro do Supremo Tribunal Federal, Ricardo Lewandowski deu um prazo at\u00e9 esta segunda-feira, dia 20 de dezembro, para a complementa\u00e7\u00e3o do Programa Nacional de Vacina\u00e7\u00e3o (PNI) com a inclus\u00e3o de crian\u00e7as. Devem estar descritas as etapas de in\u00edcio e conclus\u00e3o de imuniza\u00e7\u00e3o para pessoas de 5 a 11 anos contra a Covid-19.<\/p>\n\n\n\n<p>Cabe ao Governo Federal fazer a compra das doses pedi\u00e1tricas e decidir sobre a aplica\u00e7\u00e3o. O imunizante para os pequenos tem compostos diferentes, como a dose 67% menor em compara\u00e7\u00e3o com a dose para adolescentes e adultos.<\/p>\n\n\n\n<p>Jair Bolsonaro segue sua estrat\u00e9gia negacionista em rela\u00e7\u00e3o \u00e0s vacinas contra a Covid-19. Amea\u00e7ou t\u00e9cnicos da Anvisa na sua live da \u00faltima quinta-feira, dia 16, por terem liberado a vacina\u00e7\u00e3o para as crian\u00e7as e estimula o massacre virtual dos servidores p\u00fablicos federais da ag\u00eancia com sua base aliada nas redes sociais. Atitude de quem est\u00e1, na verdade, pouco preocupado com a sa\u00fade da popula\u00e7\u00e3o.<\/p>\n\n\n\n<figure class=\"wp-block-image size-large\"><img loading=\"lazy\" decoding=\"async\" width=\"715\" height=\"429\" src=\"https:\/\/blogdorogeriogomes.com.br\/wp-content\/uploads\/2021\/12\/images-20.jpeg\" alt=\"\" class=\"wp-image-23842\" srcset=\"https:\/\/blogdorogeriogomes.com.br\/noticias\/wp-content\/uploads\/2021\/12\/images-20.jpeg 715w, https:\/\/blogdorogeriogomes.com.br\/noticias\/wp-content\/uploads\/2021\/12\/images-20-300x180.jpeg 300w\" sizes=\"auto, (max-width: 715px) 100vw, 715px\" \/><\/figure>\n","protected":false},"excerpt":{"rendered":"<p>Sob press\u00e3o do STF, o Governo Bolsonaro ter\u00e1 de se movimentar para implementar a vacina\u00e7\u00e3o contra a Covid-19 para o p\u00fablico entre 5 e 11 anos, como j\u00e1 aprovou a Ag\u00eancia Nacional de Vigil\u00e2ncia Sanit\u00e1ria (Anvisa). O presidente Jair Bolsonaro e o ministro da Sa\u00fade, Marcelo Queiroga, mostram insatisfa\u00e7\u00e3o com a medida, a exemplo do que aconteceu com a imuniza\u00e7\u00e3o estendida ao p\u00fablico adolescente. O ministro do Supremo Tribunal Federal, Ricardo Lewandowski deu um prazo at\u00e9 esta segunda-feira, dia&hellip;<\/p>\n","protected":false},"author":1,"featured_media":23842,"comment_status":"open","ping_status":"open","sticky":false,"template":"","format":"standard","meta":{"footnotes":""},"categories":[1],"tags":[],"class_list":["post-23841","post","type-post","status-publish","format-standard","has-post-thumbnail","hentry","category-noticias"],"_links":{"self":[{"href":"https:\/\/blogdorogeriogomes.com.br\/noticias\/wp-json\/wp\/v2\/posts\/23841","targetHints":{"allow":["GET"]}}],"collection":[{"href":"https:\/\/blogdorogeriogomes.com.br\/noticias\/wp-json\/wp\/v2\/posts"}],"about":[{"href":"https:\/\/blogdorogeriogomes.com.br\/noticias\/wp-json\/wp\/v2\/types\/post"}],"author":[{"embeddable":true,"href":"https:\/\/blogdorogeriogomes.com.br\/noticias\/wp-json\/wp\/v2\/users\/1"}],"replies":[{"embeddable":true,"href":"https:\/\/blogdorogeriogomes.com.br\/noticias\/wp-json\/wp\/v2\/comments?post=23841"}],"version-history":[{"count":1,"href":"https:\/\/blogdorogeriogomes.com.br\/noticias\/wp-json\/wp\/v2\/posts\/23841\/revisions"}],"predecessor-version":[{"id":23843,"href":"https:\/\/blogdorogeriogomes.com.br\/noticias\/wp-json\/wp\/v2\/posts\/23841\/revisions\/23843"}],"wp:featuredmedia":[{"embeddable":true,"href":"https:\/\/blogdorogeriogomes.com.br\/noticias\/wp-json\/wp\/v2\/media\/23842"}],"wp:attachment":[{"href":"https:\/\/blogdorogeriogomes.com.br\/noticias\/wp-json\/wp\/v2\/media?parent=23841"}],"wp:term":[{"taxonomy":"category","embeddable":true,"href":"https:\/\/blogdorogeriogomes.com.br\/noticias\/wp-json\/wp\/v2\/categories?post=23841"},{"taxonomy":"post_tag","embeddable":true,"href":"https:\/\/blogdorogeriogomes.com.br\/noticias\/wp-json\/wp\/v2\/tags?post=23841"}],"curies":[{"name":"wp","href":"https:\/\/api.w.org\/{rel}","templated":true}]}}