{"id":23844,"date":"2021-12-20T11:22:22","date_gmt":"2021-12-20T11:22:22","guid":{"rendered":"https:\/\/blogdorogeriogomes.com.br\/?p=23844"},"modified":"2021-12-21T13:16:43","modified_gmt":"2021-12-21T13:16:43","slug":"lula-e-alckmin-reunem-varias-liderancas-politicas-em-jantar-para-enfrentar-bolsonarismo","status":"publish","type":"post","link":"https:\/\/blogdorogeriogomes.com.br\/noticias\/2021\/12\/lula-e-alckmin-reunem-varias-liderancas-politicas-em-jantar-para-enfrentar-bolsonarismo\/","title":{"rendered":"Lula e Alckmin re\u00fanem v\u00e1rias lideran\u00e7as pol\u00edticas em jantar para enfrentar bolsonarismo"},"content":{"rendered":"\n<p>O ex-presidente Luiz In\u00e1cio Lula da Silva (PT) e o ex-governador de S\u00e3o Paulo, Geraldo Alckmin, se reuniram em um jantar em S\u00e3o Paulo, neste domingo, dia 19 de dezembro, que contou com v\u00e1rias lideran\u00e7as pol\u00edticas de diversos partidos. \u00c9 o in\u00edcio da forma\u00e7\u00e3o de uma frente ampla para enfrentar o bolsonarismo nas elei\u00e7\u00f5es de 2022. O jantar foi organizado pelo grupo Prerrogativas, integrado por advogados, juristas e artistas.<\/p>\n\n\n\n<p>Sobre a possibilidade do ex-tucano Geraldo Alckmin vir a ser o seu candidato a vice, Lula disse: &#8220;Quem vai dizer se a gente pode se juntar ou n\u00e3o \u00e9 o meu partido e o dele&#8221;. Alckmin avalia se filiar ao PSB, que estuda uma alian\u00e7a com o PT para o pr\u00f3ximo ano. As negocia\u00e7\u00f5es envolvem parcerias para a disputa a governador nos estados, principalmente S\u00e3o Paulo.<\/p>\n\n\n\n<p>Mas chamou a aten\u00e7\u00e3o no jantar as in\u00fameras lideran\u00e7as pol\u00edticas que participaram do encontro p\u00fablico entre Lula e Alckmin. Gilberto Kassab, presidente do PSD, esteve com o senador Omar Aziz, que disputar\u00e1 pelo PSD o governo do Amazonas e presidiu a CPI da Covid no Senado. Gleisi Hoffmann, presidente do PT, o senador Jaques Wagner, os governadores Rui Costa, da Bahia, e Welington Dias, do Piau\u00ed, e o ex-senador e o ex-ministro Aloizio Mercadante, al\u00e9m do governador de Pernambuco, Paulo C\u00e2mara, e o prefeito do Recife, Jo\u00e3o Campos, ambos do PSB. Os deputados federais do Rio de Janeiro, Marcelo Freixo e Alessandro Molon, marcaram presen\u00e7a no evento.<\/p>\n\n\n\n<p>Tamb\u00e9m estiveram presentes o&nbsp;Movimento dos Sem Terra, com Jo\u00e3o Paulo St\u00e9dile, Vilma Reis e Douglas Belchior da Coaliz\u00e3o Negra por Direitos; juristas e grandes advogados como Celso Ant\u00f4nio Bandeira de Mello, Ant\u00f4nio Cl\u00e1udio Mariz de Oliveira, Alberto Zacharias Toron, Ant\u00f4nio Carlos de Almeida Castro e um dos anfitri\u00f5es da noite, Marco Aur\u00e9lio de Carvalho; o economista e ex-ministro Bresser Pereira; e o ex-deputado e ex-vice-governador paulista Almino Affonso. Ex-prefeito de Manaus, ex-senador pelo Amazonas, derrotado nas pr\u00e9vias presidenciais do PSDB, Arthur Virg\u00edlio tamb\u00e9m esteve no jantar. <\/p>\n\n\n\n<figure class=\"wp-block-image size-large\"><img loading=\"lazy\" decoding=\"async\" width=\"793\" height=\"1024\" src=\"https:\/\/blogdorogeriogomes.com.br\/wp-content\/uploads\/2021\/12\/whatsapp-image-2021-12-19-at-21.48.26-793x1024.jpeg\" alt=\"\" class=\"wp-image-23845\" srcset=\"https:\/\/blogdorogeriogomes.com.br\/noticias\/wp-content\/uploads\/2021\/12\/whatsapp-image-2021-12-19-at-21.48.26-793x1024.jpeg 793w, https:\/\/blogdorogeriogomes.com.br\/noticias\/wp-content\/uploads\/2021\/12\/whatsapp-image-2021-12-19-at-21.48.26-232x300.jpeg 232w, https:\/\/blogdorogeriogomes.com.br\/noticias\/wp-content\/uploads\/2021\/12\/whatsapp-image-2021-12-19-at-21.48.26-768x991.jpeg 768w, https:\/\/blogdorogeriogomes.com.br\/noticias\/wp-content\/uploads\/2021\/12\/whatsapp-image-2021-12-19-at-21.48.26-800x1033.jpeg 800w, https:\/\/blogdorogeriogomes.com.br\/noticias\/wp-content\/uploads\/2021\/12\/whatsapp-image-2021-12-19-at-21.48.26.jpeg 984w\" sizes=\"auto, (max-width: 793px) 100vw, 793px\" \/><\/figure>\n","protected":false},"excerpt":{"rendered":"<p>O ex-presidente Luiz In\u00e1cio Lula da Silva (PT) e o ex-governador de S\u00e3o Paulo, Geraldo Alckmin, se reuniram em um jantar em S\u00e3o Paulo, neste domingo, dia 19 de dezembro, que contou com v\u00e1rias lideran\u00e7as pol\u00edticas de diversos partidos. \u00c9 o in\u00edcio da forma\u00e7\u00e3o de uma frente ampla para enfrentar o bolsonarismo nas elei\u00e7\u00f5es de 2022. O jantar foi organizado pelo grupo Prerrogativas, integrado por advogados, juristas e artistas. Sobre a possibilidade do ex-tucano Geraldo Alckmin vir a ser&hellip;<\/p>\n","protected":false},"author":1,"featured_media":23845,"comment_status":"open","ping_status":"open","sticky":false,"template":"","format":"standard","meta":{"footnotes":""},"categories":[1],"tags":[],"class_list":["post-23844","post","type-post","status-publish","format-standard","has-post-thumbnail","hentry","category-noticias"],"_links":{"self":[{"href":"https:\/\/blogdorogeriogomes.com.br\/noticias\/wp-json\/wp\/v2\/posts\/23844","targetHints":{"allow":["GET"]}}],"collection":[{"href":"https:\/\/blogdorogeriogomes.com.br\/noticias\/wp-json\/wp\/v2\/posts"}],"about":[{"href":"https:\/\/blogdorogeriogomes.com.br\/noticias\/wp-json\/wp\/v2\/types\/post"}],"author":[{"embeddable":true,"href":"https:\/\/blogdorogeriogomes.com.br\/noticias\/wp-json\/wp\/v2\/users\/1"}],"replies":[{"embeddable":true,"href":"https:\/\/blogdorogeriogomes.com.br\/noticias\/wp-json\/wp\/v2\/comments?post=23844"}],"version-history":[{"count":2,"href":"https:\/\/blogdorogeriogomes.com.br\/noticias\/wp-json\/wp\/v2\/posts\/23844\/revisions"}],"predecessor-version":[{"id":23862,"href":"https:\/\/blogdorogeriogomes.com.br\/noticias\/wp-json\/wp\/v2\/posts\/23844\/revisions\/23862"}],"wp:featuredmedia":[{"embeddable":true,"href":"https:\/\/blogdorogeriogomes.com.br\/noticias\/wp-json\/wp\/v2\/media\/23845"}],"wp:attachment":[{"href":"https:\/\/blogdorogeriogomes.com.br\/noticias\/wp-json\/wp\/v2\/media?parent=23844"}],"wp:term":[{"taxonomy":"category","embeddable":true,"href":"https:\/\/blogdorogeriogomes.com.br\/noticias\/wp-json\/wp\/v2\/categories?post=23844"},{"taxonomy":"post_tag","embeddable":true,"href":"https:\/\/blogdorogeriogomes.com.br\/noticias\/wp-json\/wp\/v2\/tags?post=23844"}],"curies":[{"name":"wp","href":"https:\/\/api.w.org\/{rel}","templated":true}]}}