{"id":23847,"date":"2021-12-20T11:49:23","date_gmt":"2021-12-20T11:49:23","guid":{"rendered":"https:\/\/blogdorogeriogomes.com.br\/?p=23847"},"modified":"2021-12-21T13:16:33","modified_gmt":"2021-12-21T13:16:33","slug":"segunda-parcela-do-13-salario-deve-ser-paga-ate-esta-segunda-feira","status":"publish","type":"post","link":"https:\/\/blogdorogeriogomes.com.br\/noticias\/2021\/12\/segunda-parcela-do-13-salario-deve-ser-paga-ate-esta-segunda-feira\/","title":{"rendered":"Segunda parcela do 13\u00b0 sal\u00e1rio deve ser paga at\u00e9 esta segunda-feira"},"content":{"rendered":"\n<p>A iniciativa privada tem at\u00e9 esta segunda-feira, dia 20 de dezembro, para fazer o pagamento da segunda parcela do 13\u00b0 sal\u00e1rio. A primeira deveria ter sido paga no \u00faltimo dia 30 de novembro. Os recursos devem gerar uma inje\u00e7\u00e3o na economia, j\u00e1 que muitos trabalhadores utilizam o dinheiro para pagar d\u00edvidas ou fazer algum tipo de compra para as festas de fim de ano.<\/p>\n\n\n\n<p>Quem n\u00e3o receber a segunda parcela at\u00e9 a data limite deve procurar as Superintend\u00eancias do Trabalho ou as Ger\u00eancias do Trabalho para fazer a reclama\u00e7\u00e3o. Outra op\u00e7\u00e3o \u00e9 buscar orienta\u00e7\u00e3o no sindicato de cada categoria.<\/p>\n\n\n\n<p>Caso o empregador n\u00e3o respeite o prazo do pagamento ou n\u00e3o pague o valor devido, poder\u00e1 ser autuado por um auditor-fiscal do Minist\u00e9rio do Trabalho no momento em que houver fiscaliza\u00e7\u00e3o.<\/p>\n\n\n\n<figure class=\"wp-block-image size-large\"><img loading=\"lazy\" decoding=\"async\" width=\"726\" height=\"422\" src=\"https:\/\/blogdorogeriogomes.com.br\/wp-content\/uploads\/2021\/12\/images-21.jpeg\" alt=\"\" class=\"wp-image-23848\" srcset=\"https:\/\/blogdorogeriogomes.com.br\/noticias\/wp-content\/uploads\/2021\/12\/images-21.jpeg 726w, https:\/\/blogdorogeriogomes.com.br\/noticias\/wp-content\/uploads\/2021\/12\/images-21-300x174.jpeg 300w\" sizes=\"auto, (max-width: 726px) 100vw, 726px\" \/><\/figure>\n","protected":false},"excerpt":{"rendered":"<p>A iniciativa privada tem at\u00e9 esta segunda-feira, dia 20 de dezembro, para fazer o pagamento da segunda parcela do 13\u00b0 sal\u00e1rio. A primeira deveria ter sido paga no \u00faltimo dia 30 de novembro. Os recursos devem gerar uma inje\u00e7\u00e3o na economia, j\u00e1 que muitos trabalhadores utilizam o dinheiro para pagar d\u00edvidas ou fazer algum tipo de compra para as festas de fim de ano. Quem n\u00e3o receber a segunda parcela at\u00e9 a data limite deve procurar as Superintend\u00eancias do&hellip;<\/p>\n","protected":false},"author":1,"featured_media":23848,"comment_status":"open","ping_status":"open","sticky":false,"template":"","format":"standard","meta":{"footnotes":""},"categories":[1],"tags":[],"class_list":["post-23847","post","type-post","status-publish","format-standard","has-post-thumbnail","hentry","category-noticias"],"_links":{"self":[{"href":"https:\/\/blogdorogeriogomes.com.br\/noticias\/wp-json\/wp\/v2\/posts\/23847","targetHints":{"allow":["GET"]}}],"collection":[{"href":"https:\/\/blogdorogeriogomes.com.br\/noticias\/wp-json\/wp\/v2\/posts"}],"about":[{"href":"https:\/\/blogdorogeriogomes.com.br\/noticias\/wp-json\/wp\/v2\/types\/post"}],"author":[{"embeddable":true,"href":"https:\/\/blogdorogeriogomes.com.br\/noticias\/wp-json\/wp\/v2\/users\/1"}],"replies":[{"embeddable":true,"href":"https:\/\/blogdorogeriogomes.com.br\/noticias\/wp-json\/wp\/v2\/comments?post=23847"}],"version-history":[{"count":1,"href":"https:\/\/blogdorogeriogomes.com.br\/noticias\/wp-json\/wp\/v2\/posts\/23847\/revisions"}],"predecessor-version":[{"id":23849,"href":"https:\/\/blogdorogeriogomes.com.br\/noticias\/wp-json\/wp\/v2\/posts\/23847\/revisions\/23849"}],"wp:featuredmedia":[{"embeddable":true,"href":"https:\/\/blogdorogeriogomes.com.br\/noticias\/wp-json\/wp\/v2\/media\/23848"}],"wp:attachment":[{"href":"https:\/\/blogdorogeriogomes.com.br\/noticias\/wp-json\/wp\/v2\/media?parent=23847"}],"wp:term":[{"taxonomy":"category","embeddable":true,"href":"https:\/\/blogdorogeriogomes.com.br\/noticias\/wp-json\/wp\/v2\/categories?post=23847"},{"taxonomy":"post_tag","embeddable":true,"href":"https:\/\/blogdorogeriogomes.com.br\/noticias\/wp-json\/wp\/v2\/tags?post=23847"}],"curies":[{"name":"wp","href":"https:\/\/api.w.org\/{rel}","templated":true}]}}