{"id":23850,"date":"2021-12-20T23:05:14","date_gmt":"2021-12-20T23:05:14","guid":{"rendered":"https:\/\/blogdorogeriogomes.com.br\/?p=23850"},"modified":"2021-12-21T13:16:24","modified_gmt":"2021-12-21T13:16:24","slug":"camilo-santana-faz-ultima-reuniao-do-ano-com-o-secretariado-estadual-para-tracar-planos-para-2022","status":"publish","type":"post","link":"https:\/\/blogdorogeriogomes.com.br\/noticias\/2021\/12\/camilo-santana-faz-ultima-reuniao-do-ano-com-o-secretariado-estadual-para-tracar-planos-para-2022\/","title":{"rendered":"Camilo Santana faz \u00faltima reuni\u00e3o do ano com o secretariado estadual para tra\u00e7ar planos para 2022"},"content":{"rendered":"\n<p>O governador do Cear\u00e1, Camilo Santana (PT), faz a \u00faltima reuni\u00e3o do ano com o secretariado estadual para fazer uma avalia\u00e7\u00e3o de projetos e obras em andamento, al\u00e9m de tra\u00e7ar o planejamento para a\u00e7\u00f5es em 2022, que ser\u00e1 o \u00faltimo ano de gest\u00e3o. O encontro com secret\u00e1rios e presidentes das institui\u00e7\u00f5es vinculadas ao Estado acontece nesta ter\u00e7a-feira, dia 21 de dezembro, no Pavilh\u00e3o de Eventos da Resid\u00eancia Oficial do governador, em Fortaleza.<\/p>\n\n\n\n<p>Camilo Santana ainda n\u00e3o definiu qual ser\u00e1 o seu plano pol\u00edtico para 2022. H\u00e1 a possibilidade de ele concorrer ao Senado Federal. Se isso ocorrer, o governador dever\u00e1 deixar o cargo em abril. Assim, a vice Izolda Cela (PDT) assumiria o Governo do Estado at\u00e9 o fim do mandato.<\/p>\n\n\n\n<p>O secretariado estadual tamb\u00e9m deve passar por mudan\u00e7as em janeiro, j\u00e1 que alguns secret\u00e1rios devem deixar os cargos para disputar cargos eletivos em 2022. Camilo Santana j\u00e1 tinha anunciados que quem deseja concorrer nas elei\u00e7\u00f5es de 2022 deve deixar a fun\u00e7\u00e3o no Estado at\u00e9 o fim deste ano.<\/p>\n\n\n\n<figure class=\"wp-block-image size-large\"><img loading=\"lazy\" decoding=\"async\" width=\"677\" height=\"453\" src=\"https:\/\/blogdorogeriogomes.com.br\/wp-content\/uploads\/2021\/12\/images-23.jpeg\" alt=\"\" class=\"wp-image-23851\" srcset=\"https:\/\/blogdorogeriogomes.com.br\/noticias\/wp-content\/uploads\/2021\/12\/images-23.jpeg 677w, https:\/\/blogdorogeriogomes.com.br\/noticias\/wp-content\/uploads\/2021\/12\/images-23-300x201.jpeg 300w\" sizes=\"auto, (max-width: 677px) 100vw, 677px\" \/><\/figure>\n","protected":false},"excerpt":{"rendered":"<p>O governador do Cear\u00e1, Camilo Santana (PT), faz a \u00faltima reuni\u00e3o do ano com o secretariado estadual para fazer uma avalia\u00e7\u00e3o de projetos e obras em andamento, al\u00e9m de tra\u00e7ar o planejamento para a\u00e7\u00f5es em 2022, que ser\u00e1 o \u00faltimo ano de gest\u00e3o. O encontro com secret\u00e1rios e presidentes das institui\u00e7\u00f5es vinculadas ao Estado acontece nesta ter\u00e7a-feira, dia 21 de dezembro, no Pavilh\u00e3o de Eventos da Resid\u00eancia Oficial do governador, em Fortaleza. Camilo Santana ainda n\u00e3o definiu qual ser\u00e1&hellip;<\/p>\n","protected":false},"author":1,"featured_media":23851,"comment_status":"open","ping_status":"open","sticky":false,"template":"","format":"standard","meta":{"footnotes":""},"categories":[1],"tags":[],"class_list":["post-23850","post","type-post","status-publish","format-standard","has-post-thumbnail","hentry","category-noticias"],"_links":{"self":[{"href":"https:\/\/blogdorogeriogomes.com.br\/noticias\/wp-json\/wp\/v2\/posts\/23850","targetHints":{"allow":["GET"]}}],"collection":[{"href":"https:\/\/blogdorogeriogomes.com.br\/noticias\/wp-json\/wp\/v2\/posts"}],"about":[{"href":"https:\/\/blogdorogeriogomes.com.br\/noticias\/wp-json\/wp\/v2\/types\/post"}],"author":[{"embeddable":true,"href":"https:\/\/blogdorogeriogomes.com.br\/noticias\/wp-json\/wp\/v2\/users\/1"}],"replies":[{"embeddable":true,"href":"https:\/\/blogdorogeriogomes.com.br\/noticias\/wp-json\/wp\/v2\/comments?post=23850"}],"version-history":[{"count":1,"href":"https:\/\/blogdorogeriogomes.com.br\/noticias\/wp-json\/wp\/v2\/posts\/23850\/revisions"}],"predecessor-version":[{"id":23852,"href":"https:\/\/blogdorogeriogomes.com.br\/noticias\/wp-json\/wp\/v2\/posts\/23850\/revisions\/23852"}],"wp:featuredmedia":[{"embeddable":true,"href":"https:\/\/blogdorogeriogomes.com.br\/noticias\/wp-json\/wp\/v2\/media\/23851"}],"wp:attachment":[{"href":"https:\/\/blogdorogeriogomes.com.br\/noticias\/wp-json\/wp\/v2\/media?parent=23850"}],"wp:term":[{"taxonomy":"category","embeddable":true,"href":"https:\/\/blogdorogeriogomes.com.br\/noticias\/wp-json\/wp\/v2\/categories?post=23850"},{"taxonomy":"post_tag","embeddable":true,"href":"https:\/\/blogdorogeriogomes.com.br\/noticias\/wp-json\/wp\/v2\/tags?post=23850"}],"curies":[{"name":"wp","href":"https:\/\/api.w.org\/{rel}","templated":true}]}}