{"id":23859,"date":"2021-12-21T10:29:16","date_gmt":"2021-12-21T10:29:16","guid":{"rendered":"https:\/\/blogdorogeriogomes.com.br\/?p=23859"},"modified":"2021-12-21T13:14:58","modified_gmt":"2021-12-21T13:14:58","slug":"novo-mutirao-em-fortaleza-tenta-acelerar-aplicacao-da-terceira-dose-de-reforco","status":"publish","type":"post","link":"https:\/\/blogdorogeriogomes.com.br\/noticias\/2021\/12\/novo-mutirao-em-fortaleza-tenta-acelerar-aplicacao-da-terceira-dose-de-reforco\/","title":{"rendered":"Novo mutir\u00e3o em Fortaleza tenta acelerar aplica\u00e7\u00e3o da terceira dose de refor\u00e7o"},"content":{"rendered":"\n<p>A Prefeitura de Fortaleza realiza desta ter\u00e7a-feira, dia 21 de dezembro, at\u00e9 quinta-feira, dia 23, mais um mutir\u00e3o para aplica\u00e7\u00e3o da terceira dose contra a Covid-19. A ideia \u00e9 vacinar quem recebeu a 2\u00aa dose at\u00e9 o dia 21 de agosto, mesmo que n\u00e3o tenham sido convocados anteriormente. A aplica\u00e7\u00e3o ser\u00e1 feita no drive e sal\u00e3o do Centro de Eventos.<\/p>\n\n\n\n<p>Mesmo sem agendamento pr\u00e9vio, quem chegou \u00e0 data limite pode procurar o Centro de Eventos das 9 \u00e0s 17 horas para aplica\u00e7\u00e3o do imunobiol\u00f3gico. Al\u00e9m disso, quem foi agendado anteriormente para sua terceira dose e n\u00e3o compareceu \u00e0 convoca\u00e7\u00e3o tamb\u00e9m pode participar desta a\u00e7\u00e3o.<\/p>\n\n\n\n<p>Na \u00faltima semana, ocorreu outro mutir\u00e3o da terceira dose para quem recebeu a segunda dose h\u00e1 cinco meses. Cerca de 15.900 pessoas na Capital receberam a terceira dose da vacina no Centro de Eventos.<\/p>\n\n\n\n<figure class=\"wp-block-image size-large\"><img loading=\"lazy\" decoding=\"async\" width=\"1024\" height=\"601\" src=\"https:\/\/blogdorogeriogomes.com.br\/wp-content\/uploads\/2021\/12\/26-06-2021-Vacina-3b-1024x601.jpg\" alt=\"\" class=\"wp-image-23860\" srcset=\"https:\/\/blogdorogeriogomes.com.br\/noticias\/wp-content\/uploads\/2021\/12\/26-06-2021-Vacina-3b-1024x601.jpg 1024w, https:\/\/blogdorogeriogomes.com.br\/noticias\/wp-content\/uploads\/2021\/12\/26-06-2021-Vacina-3b-300x176.jpg 300w, https:\/\/blogdorogeriogomes.com.br\/noticias\/wp-content\/uploads\/2021\/12\/26-06-2021-Vacina-3b-768x451.jpg 768w, https:\/\/blogdorogeriogomes.com.br\/noticias\/wp-content\/uploads\/2021\/12\/26-06-2021-Vacina-3b-1536x902.jpg 1536w, https:\/\/blogdorogeriogomes.com.br\/noticias\/wp-content\/uploads\/2021\/12\/26-06-2021-Vacina-3b-2048x1203.jpg 2048w, https:\/\/blogdorogeriogomes.com.br\/noticias\/wp-content\/uploads\/2021\/12\/26-06-2021-Vacina-3b-800x470.jpg 800w\" sizes=\"auto, (max-width: 1024px) 100vw, 1024px\" \/><\/figure>\n","protected":false},"excerpt":{"rendered":"<p>A Prefeitura de Fortaleza realiza desta ter\u00e7a-feira, dia 21 de dezembro, at\u00e9 quinta-feira, dia 23, mais um mutir\u00e3o para aplica\u00e7\u00e3o da terceira dose contra a Covid-19. A ideia \u00e9 vacinar quem recebeu a 2\u00aa dose at\u00e9 o dia 21 de agosto, mesmo que n\u00e3o tenham sido convocados anteriormente. A aplica\u00e7\u00e3o ser\u00e1 feita no drive e sal\u00e3o do Centro de Eventos. Mesmo sem agendamento pr\u00e9vio, quem chegou \u00e0 data limite pode procurar o Centro de Eventos das 9 \u00e0s 17&hellip;<\/p>\n","protected":false},"author":1,"featured_media":23860,"comment_status":"open","ping_status":"open","sticky":false,"template":"","format":"standard","meta":{"footnotes":""},"categories":[1],"tags":[],"class_list":["post-23859","post","type-post","status-publish","format-standard","has-post-thumbnail","hentry","category-noticias"],"_links":{"self":[{"href":"https:\/\/blogdorogeriogomes.com.br\/noticias\/wp-json\/wp\/v2\/posts\/23859","targetHints":{"allow":["GET"]}}],"collection":[{"href":"https:\/\/blogdorogeriogomes.com.br\/noticias\/wp-json\/wp\/v2\/posts"}],"about":[{"href":"https:\/\/blogdorogeriogomes.com.br\/noticias\/wp-json\/wp\/v2\/types\/post"}],"author":[{"embeddable":true,"href":"https:\/\/blogdorogeriogomes.com.br\/noticias\/wp-json\/wp\/v2\/users\/1"}],"replies":[{"embeddable":true,"href":"https:\/\/blogdorogeriogomes.com.br\/noticias\/wp-json\/wp\/v2\/comments?post=23859"}],"version-history":[{"count":1,"href":"https:\/\/blogdorogeriogomes.com.br\/noticias\/wp-json\/wp\/v2\/posts\/23859\/revisions"}],"predecessor-version":[{"id":23861,"href":"https:\/\/blogdorogeriogomes.com.br\/noticias\/wp-json\/wp\/v2\/posts\/23859\/revisions\/23861"}],"wp:featuredmedia":[{"embeddable":true,"href":"https:\/\/blogdorogeriogomes.com.br\/noticias\/wp-json\/wp\/v2\/media\/23860"}],"wp:attachment":[{"href":"https:\/\/blogdorogeriogomes.com.br\/noticias\/wp-json\/wp\/v2\/media?parent=23859"}],"wp:term":[{"taxonomy":"category","embeddable":true,"href":"https:\/\/blogdorogeriogomes.com.br\/noticias\/wp-json\/wp\/v2\/categories?post=23859"},{"taxonomy":"post_tag","embeddable":true,"href":"https:\/\/blogdorogeriogomes.com.br\/noticias\/wp-json\/wp\/v2\/tags?post=23859"}],"curies":[{"name":"wp","href":"https:\/\/api.w.org\/{rel}","templated":true}]}}