{"id":23867,"date":"2021-12-21T22:12:06","date_gmt":"2021-12-21T22:12:06","guid":{"rendered":"https:\/\/blogdorogeriogomes.com.br\/?p=23867"},"modified":"2021-12-22T09:56:21","modified_gmt":"2021-12-22T09:56:21","slug":"vereadores-de-fortaleza-aprovam-orcamento-de-2022-reajuste-de-servidores-em-11-e-entram-em-recesso-ate-fevereiro","status":"publish","type":"post","link":"https:\/\/blogdorogeriogomes.com.br\/noticias\/2021\/12\/vereadores-de-fortaleza-aprovam-orcamento-de-2022-reajuste-de-servidores-em-11-e-entram-em-recesso-ate-fevereiro\/","title":{"rendered":"Vereadores de Fortaleza aprovam or\u00e7amento de 2022, reajuste de servidores em 11% e entram em recesso at\u00e9 fevereiro"},"content":{"rendered":"\n<p>A C\u00e2mara Municipal de Fortaleza teve sua \u00faltima sess\u00e3o plen\u00e1ria de 2021 nesta ter\u00e7a-feira, dia 21 de dezembro. Na oportunidade, os vereadores da Capital aprovaram o or\u00e7amento municipal de R$ 9,9 bilh\u00f5es de reais para ser executado pela Prefeitura de Fortaleza em 2022.<\/p>\n\n\n\n<p>Os parlamentares municipais tamb\u00e9m aprovaram o reajuste de 11%, referente ao \u00edndice de revis\u00e3o geral dos sal\u00e1rios dos servidores p\u00fablicos do Munic\u00edpio de Fortaleza para o ano de 2022, escalonado da seguinte forma: 4% em fevereiro de 2022, 4% em agosto de 2022 e 3% em dezembro de 2022, retroativos a 1\u00b0 de janeiro de 2022.<\/p>\n\n\n\n<p>Ap\u00f3s a sess\u00e3o de hoje, os vereadores de Fortaleza entram em recesso e s\u00f3 retornam ao trabalho em fevereiro do pr\u00f3ximo ano.<\/p>\n\n\n\n<figure class=\"wp-block-image size-large\"><img loading=\"lazy\" decoding=\"async\" width=\"800\" height=\"532\" src=\"https:\/\/blogdorogeriogomes.com.br\/wp-content\/uploads\/2021\/12\/IMG_7844.jpg\" alt=\"\" class=\"wp-image-23868\" srcset=\"https:\/\/blogdorogeriogomes.com.br\/noticias\/wp-content\/uploads\/2021\/12\/IMG_7844.jpg 800w, https:\/\/blogdorogeriogomes.com.br\/noticias\/wp-content\/uploads\/2021\/12\/IMG_7844-300x200.jpg 300w, https:\/\/blogdorogeriogomes.com.br\/noticias\/wp-content\/uploads\/2021\/12\/IMG_7844-768x511.jpg 768w\" sizes=\"auto, (max-width: 800px) 100vw, 800px\" \/><\/figure>\n","protected":false},"excerpt":{"rendered":"<p>A C\u00e2mara Municipal de Fortaleza teve sua \u00faltima sess\u00e3o plen\u00e1ria de 2021 nesta ter\u00e7a-feira, dia 21 de dezembro. Na oportunidade, os vereadores da Capital aprovaram o or\u00e7amento municipal de R$ 9,9 bilh\u00f5es de reais para ser executado pela Prefeitura de Fortaleza em 2022. Os parlamentares municipais tamb\u00e9m aprovaram o reajuste de 11%, referente ao \u00edndice de revis\u00e3o geral dos sal\u00e1rios dos servidores p\u00fablicos do Munic\u00edpio de Fortaleza para o ano de 2022, escalonado da seguinte forma: 4% em fevereiro&hellip;<\/p>\n","protected":false},"author":1,"featured_media":23868,"comment_status":"open","ping_status":"open","sticky":false,"template":"","format":"standard","meta":{"footnotes":""},"categories":[1],"tags":[],"class_list":["post-23867","post","type-post","status-publish","format-standard","has-post-thumbnail","hentry","category-noticias"],"_links":{"self":[{"href":"https:\/\/blogdorogeriogomes.com.br\/noticias\/wp-json\/wp\/v2\/posts\/23867","targetHints":{"allow":["GET"]}}],"collection":[{"href":"https:\/\/blogdorogeriogomes.com.br\/noticias\/wp-json\/wp\/v2\/posts"}],"about":[{"href":"https:\/\/blogdorogeriogomes.com.br\/noticias\/wp-json\/wp\/v2\/types\/post"}],"author":[{"embeddable":true,"href":"https:\/\/blogdorogeriogomes.com.br\/noticias\/wp-json\/wp\/v2\/users\/1"}],"replies":[{"embeddable":true,"href":"https:\/\/blogdorogeriogomes.com.br\/noticias\/wp-json\/wp\/v2\/comments?post=23867"}],"version-history":[{"count":1,"href":"https:\/\/blogdorogeriogomes.com.br\/noticias\/wp-json\/wp\/v2\/posts\/23867\/revisions"}],"predecessor-version":[{"id":23869,"href":"https:\/\/blogdorogeriogomes.com.br\/noticias\/wp-json\/wp\/v2\/posts\/23867\/revisions\/23869"}],"wp:featuredmedia":[{"embeddable":true,"href":"https:\/\/blogdorogeriogomes.com.br\/noticias\/wp-json\/wp\/v2\/media\/23868"}],"wp:attachment":[{"href":"https:\/\/blogdorogeriogomes.com.br\/noticias\/wp-json\/wp\/v2\/media?parent=23867"}],"wp:term":[{"taxonomy":"category","embeddable":true,"href":"https:\/\/blogdorogeriogomes.com.br\/noticias\/wp-json\/wp\/v2\/categories?post=23867"},{"taxonomy":"post_tag","embeddable":true,"href":"https:\/\/blogdorogeriogomes.com.br\/noticias\/wp-json\/wp\/v2\/tags?post=23867"}],"curies":[{"name":"wp","href":"https:\/\/api.w.org\/{rel}","templated":true}]}}