{"id":23870,"date":"2021-12-21T22:54:18","date_gmt":"2021-12-21T22:54:18","guid":{"rendered":"https:\/\/blogdorogeriogomes.com.br\/?p=23870"},"modified":"2021-12-22T09:56:09","modified_gmt":"2021-12-22T09:56:09","slug":"governadores-ameacam-fazer-compra-direta-da-vacina-para-criancas-se-houver-demora-do-ministerio-da-saude","status":"publish","type":"post","link":"https:\/\/blogdorogeriogomes.com.br\/noticias\/2021\/12\/governadores-ameacam-fazer-compra-direta-da-vacina-para-criancas-se-houver-demora-do-ministerio-da-saude\/","title":{"rendered":"Governadores amea\u00e7am fazer compra direta da vacina para crian\u00e7as se houver demora do Minist\u00e9rio da Sa\u00fade"},"content":{"rendered":"\n<p>Apesar de decis\u00e3o favor\u00e1vel da Ag\u00eancia Nacional de Vigil\u00e2ncia Sanit\u00e1ria (Anvisa) de imunizar o p\u00fablico infantil entre 5 e 11 anos contra a Covid-19, o ministro da Sa\u00fade, Marcelo Queiroga, afirmou que o \u00f3rg\u00e3o ir\u00e1 decidir sobre a aquisi\u00e7\u00e3o desses imunizantes somente em 5 de janeiro de 2022. Queiroga tenta ganhar tempo para n\u00e3o contrariar o presidente Jair Bolsonaro, que \u00e9 contra a vacina at\u00e9 para os adultos, imagine para as crian\u00e7as.<\/p>\n\n\n\n<p>Diante do impasse criado pelo Minist\u00e9rio da Sa\u00fade para a compra das vacinas pedi\u00e1tricas da Pfizer, governadores de v\u00e1rios estados j\u00e1 se movimentam para a possibilidade da compra direta do imunizante junto ao fabricante.<\/p>\n\n\n\n<p>Nesta ter\u00e7a-feira, dia 21 de dezembro, o governador Camilo Santana disse n\u00e3o descartar a ideia. &#8220;Eu espero que o Governo Federal acelere esse processo. A vacina j\u00e1 tem autoriza\u00e7\u00e3o da Anvisa, j\u00e1 tem comprova\u00e7\u00e3o cient\u00edfica. \u00c9 importante que a gente avance no p\u00fablico infantil do Cear\u00e1 e do Brasil inteiro em rela\u00e7\u00e3o \u00e0 vacina\u00e7\u00e3o. Alguns governadores, e eu tenho me colocado \u00e0 disposi\u00e7\u00e3o, se houver necessidade, vamos comprar diretamente da Pfizer, para que a gente possa avan\u00e7ar na vacina\u00e7\u00e3o no Cear\u00e1. Eu espero que o Minist\u00e9rio use o bom senso e que a gente possa avan\u00e7ar na vacina\u00e7\u00e3o tamb\u00e9m das nossas crian\u00e7as aqui no Cear\u00e1&#8221;, ressaltou Camilo Santana.<\/p>\n\n\n\n<figure class=\"wp-block-image size-large\"><img loading=\"lazy\" decoding=\"async\" width=\"1000\" height=\"666\" src=\"https:\/\/blogdorogeriogomes.com.br\/wp-content\/uploads\/2021\/12\/Marcelo-Queiroga-1.jpg\" alt=\"\" class=\"wp-image-23871\" srcset=\"https:\/\/blogdorogeriogomes.com.br\/noticias\/wp-content\/uploads\/2021\/12\/Marcelo-Queiroga-1.jpg 1000w, https:\/\/blogdorogeriogomes.com.br\/noticias\/wp-content\/uploads\/2021\/12\/Marcelo-Queiroga-1-300x200.jpg 300w, https:\/\/blogdorogeriogomes.com.br\/noticias\/wp-content\/uploads\/2021\/12\/Marcelo-Queiroga-1-768x511.jpg 768w, https:\/\/blogdorogeriogomes.com.br\/noticias\/wp-content\/uploads\/2021\/12\/Marcelo-Queiroga-1-800x533.jpg 800w\" sizes=\"auto, (max-width: 1000px) 100vw, 1000px\" \/><\/figure>\n","protected":false},"excerpt":{"rendered":"<p>Apesar de decis\u00e3o favor\u00e1vel da Ag\u00eancia Nacional de Vigil\u00e2ncia Sanit\u00e1ria (Anvisa) de imunizar o p\u00fablico infantil entre 5 e 11 anos contra a Covid-19, o ministro da Sa\u00fade, Marcelo Queiroga, afirmou que o \u00f3rg\u00e3o ir\u00e1 decidir sobre a aquisi\u00e7\u00e3o desses imunizantes somente em 5 de janeiro de 2022. Queiroga tenta ganhar tempo para n\u00e3o contrariar o presidente Jair Bolsonaro, que \u00e9 contra a vacina at\u00e9 para os adultos, imagine para as crian\u00e7as. Diante do impasse criado pelo Minist\u00e9rio da&hellip;<\/p>\n","protected":false},"author":1,"featured_media":23871,"comment_status":"open","ping_status":"open","sticky":false,"template":"","format":"standard","meta":{"footnotes":""},"categories":[1],"tags":[],"class_list":["post-23870","post","type-post","status-publish","format-standard","has-post-thumbnail","hentry","category-noticias"],"_links":{"self":[{"href":"https:\/\/blogdorogeriogomes.com.br\/noticias\/wp-json\/wp\/v2\/posts\/23870","targetHints":{"allow":["GET"]}}],"collection":[{"href":"https:\/\/blogdorogeriogomes.com.br\/noticias\/wp-json\/wp\/v2\/posts"}],"about":[{"href":"https:\/\/blogdorogeriogomes.com.br\/noticias\/wp-json\/wp\/v2\/types\/post"}],"author":[{"embeddable":true,"href":"https:\/\/blogdorogeriogomes.com.br\/noticias\/wp-json\/wp\/v2\/users\/1"}],"replies":[{"embeddable":true,"href":"https:\/\/blogdorogeriogomes.com.br\/noticias\/wp-json\/wp\/v2\/comments?post=23870"}],"version-history":[{"count":1,"href":"https:\/\/blogdorogeriogomes.com.br\/noticias\/wp-json\/wp\/v2\/posts\/23870\/revisions"}],"predecessor-version":[{"id":23872,"href":"https:\/\/blogdorogeriogomes.com.br\/noticias\/wp-json\/wp\/v2\/posts\/23870\/revisions\/23872"}],"wp:featuredmedia":[{"embeddable":true,"href":"https:\/\/blogdorogeriogomes.com.br\/noticias\/wp-json\/wp\/v2\/media\/23871"}],"wp:attachment":[{"href":"https:\/\/blogdorogeriogomes.com.br\/noticias\/wp-json\/wp\/v2\/media?parent=23870"}],"wp:term":[{"taxonomy":"category","embeddable":true,"href":"https:\/\/blogdorogeriogomes.com.br\/noticias\/wp-json\/wp\/v2\/categories?post=23870"},{"taxonomy":"post_tag","embeddable":true,"href":"https:\/\/blogdorogeriogomes.com.br\/noticias\/wp-json\/wp\/v2\/tags?post=23870"}],"curies":[{"name":"wp","href":"https:\/\/api.w.org\/{rel}","templated":true}]}}