{"id":23873,"date":"2021-12-22T09:46:33","date_gmt":"2021-12-22T09:46:33","guid":{"rendered":"https:\/\/blogdorogeriogomes.com.br\/?p=23873"},"modified":"2021-12-22T09:56:00","modified_gmt":"2021-12-22T09:56:00","slug":"novo-parque-cidade-da-crianca-e-reinaugurado-em-fortaleza","status":"publish","type":"post","link":"https:\/\/blogdorogeriogomes.com.br\/noticias\/2021\/12\/novo-parque-cidade-da-crianca-e-reinaugurado-em-fortaleza\/","title":{"rendered":"Novo Parque Cidade da Crian\u00e7a \u00e9 reinaugurado em Fortaleza"},"content":{"rendered":"\n<p>O prefeito de Fortaleza, Jos\u00e9 Sarto, entregou, nesta ter\u00e7a-feira, dia 21 de dezembro, o novo Parque Cidade da Crian\u00e7a, no Centro da Capital. O espa\u00e7o de 27 mil m\u00b2 de \u00e1rea, totalmente urbanizado e restaurado, agora conta com novo piso acess\u00edvel e drenante, ilumina\u00e7\u00e3o em LED, mobili\u00e1rios urbanos, biciclet\u00e1rio, paisagismo e \u00e1reas de pra\u00e7a, garantindo atividades ao ar livre com vasto sombreamento natural. As obras fazem parte do programa Juntos por Fortaleza, que consiste no conjunto de a\u00e7\u00f5es integradas entre Prefeitura de Fortaleza e Governo do Cear\u00e1.<\/p>\n\n\n\n<p>Or\u00e7adas em cerca de R$ 10 milh\u00f5es, recursos provenientes do Banco de Desenvolvimento da Am\u00e9rica Latina, o projeto de requalifica\u00e7\u00e3o contemplou a restaura\u00e7\u00e3o dos nove pr\u00e9dios hist\u00f3ricos existentes, com servi\u00e7os de reforma, pintura e recupera\u00e7\u00e3o dos vitrais e adornos das edifica\u00e7\u00f5es. Todos os postes e est\u00e1tuas do parque tamb\u00e9m receberam tratamento especial. As obras tamb\u00e9m permitiram a cria\u00e7\u00e3o de novos espa\u00e7os, como o Memorial da Liberdade; a Casa do Ciclista, que contar\u00e1 com biciclet\u00e1rio e vesti\u00e1rios; o posto de vigil\u00e2ncia para a Guarda Municipal.<\/p>\n\n\n\n<p>A Pra\u00e7a Cora\u00e7\u00e3o de Jesus, onde funciona um mini terminal de \u00f4nibus, e fica ao lado do Parque Cidade da Crian\u00e7a, tamb\u00e9m passa por um processo de requalifica\u00e7\u00e3o. Quando ficar pronta, a pra\u00e7a tamb\u00e9m ser\u00e1 interligada ao novo parque. <\/p>\n\n\n\n<figure class=\"wp-block-image size-large\"><img loading=\"lazy\" decoding=\"async\" width=\"1024\" height=\"602\" src=\"https:\/\/blogdorogeriogomes.com.br\/wp-content\/uploads\/2021\/12\/00-20-12-2021-Cidade-da-Crianca-IMG_5544-1024x602.jpeg\" alt=\"\" class=\"wp-image-23874\" srcset=\"https:\/\/blogdorogeriogomes.com.br\/noticias\/wp-content\/uploads\/2021\/12\/00-20-12-2021-Cidade-da-Crianca-IMG_5544-1024x602.jpeg 1024w, https:\/\/blogdorogeriogomes.com.br\/noticias\/wp-content\/uploads\/2021\/12\/00-20-12-2021-Cidade-da-Crianca-IMG_5544-300x176.jpeg 300w, https:\/\/blogdorogeriogomes.com.br\/noticias\/wp-content\/uploads\/2021\/12\/00-20-12-2021-Cidade-da-Crianca-IMG_5544-768x451.jpeg 768w, https:\/\/blogdorogeriogomes.com.br\/noticias\/wp-content\/uploads\/2021\/12\/00-20-12-2021-Cidade-da-Crianca-IMG_5544-800x470.jpeg 800w, https:\/\/blogdorogeriogomes.com.br\/noticias\/wp-content\/uploads\/2021\/12\/00-20-12-2021-Cidade-da-Crianca-IMG_5544.jpeg 1280w\" sizes=\"auto, (max-width: 1024px) 100vw, 1024px\" \/><\/figure>\n\n\n\n<p><\/p>\n","protected":false},"excerpt":{"rendered":"<p>O prefeito de Fortaleza, Jos\u00e9 Sarto, entregou, nesta ter\u00e7a-feira, dia 21 de dezembro, o novo Parque Cidade da Crian\u00e7a, no Centro da Capital. O espa\u00e7o de 27 mil m\u00b2 de \u00e1rea, totalmente urbanizado e restaurado, agora conta com novo piso acess\u00edvel e drenante, ilumina\u00e7\u00e3o em LED, mobili\u00e1rios urbanos, biciclet\u00e1rio, paisagismo e \u00e1reas de pra\u00e7a, garantindo atividades ao ar livre com vasto sombreamento natural. As obras fazem parte do programa Juntos por Fortaleza, que consiste no conjunto de a\u00e7\u00f5es integradas&hellip;<\/p>\n","protected":false},"author":1,"featured_media":23874,"comment_status":"open","ping_status":"open","sticky":false,"template":"","format":"standard","meta":{"footnotes":""},"categories":[1],"tags":[],"class_list":["post-23873","post","type-post","status-publish","format-standard","has-post-thumbnail","hentry","category-noticias"],"_links":{"self":[{"href":"https:\/\/blogdorogeriogomes.com.br\/noticias\/wp-json\/wp\/v2\/posts\/23873","targetHints":{"allow":["GET"]}}],"collection":[{"href":"https:\/\/blogdorogeriogomes.com.br\/noticias\/wp-json\/wp\/v2\/posts"}],"about":[{"href":"https:\/\/blogdorogeriogomes.com.br\/noticias\/wp-json\/wp\/v2\/types\/post"}],"author":[{"embeddable":true,"href":"https:\/\/blogdorogeriogomes.com.br\/noticias\/wp-json\/wp\/v2\/users\/1"}],"replies":[{"embeddable":true,"href":"https:\/\/blogdorogeriogomes.com.br\/noticias\/wp-json\/wp\/v2\/comments?post=23873"}],"version-history":[{"count":1,"href":"https:\/\/blogdorogeriogomes.com.br\/noticias\/wp-json\/wp\/v2\/posts\/23873\/revisions"}],"predecessor-version":[{"id":23875,"href":"https:\/\/blogdorogeriogomes.com.br\/noticias\/wp-json\/wp\/v2\/posts\/23873\/revisions\/23875"}],"wp:featuredmedia":[{"embeddable":true,"href":"https:\/\/blogdorogeriogomes.com.br\/noticias\/wp-json\/wp\/v2\/media\/23874"}],"wp:attachment":[{"href":"https:\/\/blogdorogeriogomes.com.br\/noticias\/wp-json\/wp\/v2\/media?parent=23873"}],"wp:term":[{"taxonomy":"category","embeddable":true,"href":"https:\/\/blogdorogeriogomes.com.br\/noticias\/wp-json\/wp\/v2\/categories?post=23873"},{"taxonomy":"post_tag","embeddable":true,"href":"https:\/\/blogdorogeriogomes.com.br\/noticias\/wp-json\/wp\/v2\/tags?post=23873"}],"curies":[{"name":"wp","href":"https:\/\/api.w.org\/{rel}","templated":true}]}}