{"id":23879,"date":"2021-12-23T00:10:10","date_gmt":"2021-12-23T00:10:10","guid":{"rendered":"https:\/\/blogdorogeriogomes.com.br\/?p=23879"},"modified":"2021-12-24T10:12:11","modified_gmt":"2021-12-24T10:12:11","slug":"reajuste-do-servidor-publico-estadual-sera-de-1074-em-duas-parcelas","status":"publish","type":"post","link":"https:\/\/blogdorogeriogomes.com.br\/noticias\/2021\/12\/reajuste-do-servidor-publico-estadual-sera-de-1074-em-duas-parcelas\/","title":{"rendered":"Reajuste do servidor p\u00fablico estadual ser\u00e1 de 10,74% em duas parcelas"},"content":{"rendered":"\n<p>O reajuste dos servidores p\u00fablicos do Cear\u00e1 ser\u00e1 de 10,74%, a partir de janeiro de 2022, e ser\u00e1 pago em duas parcelas. O an\u00fancio foi feito pelo governador Camilo Santana. A metade do aumento ser\u00e1 paga em janeiro e a outra em maio do pr\u00f3ximo ano.&nbsp;Ao todo s\u00e3o 181.400 servidores p\u00fablicos ativos e inativos que ser\u00e3o contemplados. O \u00edndice \u00e9 igual ao da infla\u00e7\u00e3o dos \u00faltimos 12 meses encerrados em novembro deste ano, segundo o IBGE.<\/p>\n\n\n\n<p>A mensagem governamental j\u00e1 foi enviada para a Assembleia Legislativa do Cear\u00e1&nbsp;e a expectativa \u00e9 que a aprova\u00e7\u00e3o ocorra ainda antes do recesso parlamentar. As categorias de servidores p\u00fablicos estaduais que j\u00e1 passaram por melhorias salariais, que ter\u00e3o repercuss\u00e3o a partir de janeiro do ano que vem, tamb\u00e9m ganhar\u00e3o revis\u00e3o geral de 10,74%. <\/p>\n\n\n\n<figure class=\"wp-block-image size-large\"><img loading=\"lazy\" decoding=\"async\" width=\"679\" height=\"452\" src=\"https:\/\/blogdorogeriogomes.com.br\/wp-content\/uploads\/2021\/12\/images-25.jpeg\" alt=\"\" class=\"wp-image-23880\" srcset=\"https:\/\/blogdorogeriogomes.com.br\/noticias\/wp-content\/uploads\/2021\/12\/images-25.jpeg 679w, https:\/\/blogdorogeriogomes.com.br\/noticias\/wp-content\/uploads\/2021\/12\/images-25-300x200.jpeg 300w\" sizes=\"auto, (max-width: 679px) 100vw, 679px\" \/><\/figure>\n","protected":false},"excerpt":{"rendered":"<p>O reajuste dos servidores p\u00fablicos do Cear\u00e1 ser\u00e1 de 10,74%, a partir de janeiro de 2022, e ser\u00e1 pago em duas parcelas. O an\u00fancio foi feito pelo governador Camilo Santana. A metade do aumento ser\u00e1 paga em janeiro e a outra em maio do pr\u00f3ximo ano.&nbsp;Ao todo s\u00e3o 181.400 servidores p\u00fablicos ativos e inativos que ser\u00e3o contemplados. O \u00edndice \u00e9 igual ao da infla\u00e7\u00e3o dos \u00faltimos 12 meses encerrados em novembro deste ano, segundo o IBGE. A mensagem governamental&hellip;<\/p>\n","protected":false},"author":1,"featured_media":23880,"comment_status":"open","ping_status":"open","sticky":false,"template":"","format":"standard","meta":{"footnotes":""},"categories":[1],"tags":[],"class_list":["post-23879","post","type-post","status-publish","format-standard","has-post-thumbnail","hentry","category-noticias"],"_links":{"self":[{"href":"https:\/\/blogdorogeriogomes.com.br\/noticias\/wp-json\/wp\/v2\/posts\/23879","targetHints":{"allow":["GET"]}}],"collection":[{"href":"https:\/\/blogdorogeriogomes.com.br\/noticias\/wp-json\/wp\/v2\/posts"}],"about":[{"href":"https:\/\/blogdorogeriogomes.com.br\/noticias\/wp-json\/wp\/v2\/types\/post"}],"author":[{"embeddable":true,"href":"https:\/\/blogdorogeriogomes.com.br\/noticias\/wp-json\/wp\/v2\/users\/1"}],"replies":[{"embeddable":true,"href":"https:\/\/blogdorogeriogomes.com.br\/noticias\/wp-json\/wp\/v2\/comments?post=23879"}],"version-history":[{"count":2,"href":"https:\/\/blogdorogeriogomes.com.br\/noticias\/wp-json\/wp\/v2\/posts\/23879\/revisions"}],"predecessor-version":[{"id":23894,"href":"https:\/\/blogdorogeriogomes.com.br\/noticias\/wp-json\/wp\/v2\/posts\/23879\/revisions\/23894"}],"wp:featuredmedia":[{"embeddable":true,"href":"https:\/\/blogdorogeriogomes.com.br\/noticias\/wp-json\/wp\/v2\/media\/23880"}],"wp:attachment":[{"href":"https:\/\/blogdorogeriogomes.com.br\/noticias\/wp-json\/wp\/v2\/media?parent=23879"}],"wp:term":[{"taxonomy":"category","embeddable":true,"href":"https:\/\/blogdorogeriogomes.com.br\/noticias\/wp-json\/wp\/v2\/categories?post=23879"},{"taxonomy":"post_tag","embeddable":true,"href":"https:\/\/blogdorogeriogomes.com.br\/noticias\/wp-json\/wp\/v2\/tags?post=23879"}],"curies":[{"name":"wp","href":"https:\/\/api.w.org\/{rel}","templated":true}]}}