{"id":23885,"date":"2021-12-23T09:57:44","date_gmt":"2021-12-23T09:57:44","guid":{"rendered":"https:\/\/blogdorogeriogomes.com.br\/?p=23885"},"modified":"2021-12-24T10:11:48","modified_gmt":"2021-12-24T10:11:48","slug":"jose-sarto-reune-secretarios-e-vereadores-faz-balanco-do-ano-e-dos-desafios-para-2022-preco-das-passagens-e-taxa-do-lixo-estao-na-pauta","status":"publish","type":"post","link":"https:\/\/blogdorogeriogomes.com.br\/noticias\/2021\/12\/jose-sarto-reune-secretarios-e-vereadores-faz-balanco-do-ano-e-dos-desafios-para-2022-preco-das-passagens-e-taxa-do-lixo-estao-na-pauta\/","title":{"rendered":"Jos\u00e9 Sarto re\u00fane secret\u00e1rios e vereadores, faz balan\u00e7o do ano e dos desafios para 2022. Pre\u00e7o das passagens e taxa do lixo est\u00e3o na pauta"},"content":{"rendered":"\n<p>O prefeito de Fortaleza, Jos\u00e9 Sarto, fez uma reuni\u00e3o de balan\u00e7o do ano com secret\u00e1rios municipais e vereadores, nesta quarta-feira, dia 23 de dezembro. Sarto falou sobre as metas para a administra\u00e7\u00e3o da Capital em 2022. <\/p>\n\n\n\n<p>Entre os desafios est\u00e3o um poss\u00edvel reajuste nas passagens de \u00f4nibus que vem sendo solicitado pelas empresas do transporte coletivo da Capital. Sarto diz estudar uma forma de evitar o aumento que atinge diretamente a popula\u00e7\u00e3o mais pobre. A implanta\u00e7\u00e3o da taxa de lixo \u00e9 outro desafio. O prefeito de Fortaleza diz que a cobran\u00e7a ser\u00e1 direcionada aos consumidores com maior renda.<\/p>\n\n\n\n<p>Sobre o resultado da Pesquisa Opnus, divulgada esta semana, que traz a avalia\u00e7\u00e3o da gest\u00e3o municipal com 49% de aprova\u00e7\u00e3o e 45% de reprova\u00e7\u00e3o, Jos\u00e9 Sarto avalia que &#8220;\u00e9 um pux\u00e3o de orelha para a gente trabalhar todo dia, o dia todo, como tem feito essa equipe&#8221;.<\/p>\n\n\n\n<figure class=\"wp-block-image size-large\"><img loading=\"lazy\" decoding=\"async\" width=\"1024\" height=\"602\" src=\"https:\/\/blogdorogeriogomes.com.br\/wp-content\/uploads\/2021\/12\/22-12-2021-Reuniao-A81P2153-1024x602.jpeg\" alt=\"\" class=\"wp-image-23886\" srcset=\"https:\/\/blogdorogeriogomes.com.br\/noticias\/wp-content\/uploads\/2021\/12\/22-12-2021-Reuniao-A81P2153-1024x602.jpeg 1024w, https:\/\/blogdorogeriogomes.com.br\/noticias\/wp-content\/uploads\/2021\/12\/22-12-2021-Reuniao-A81P2153-300x176.jpeg 300w, https:\/\/blogdorogeriogomes.com.br\/noticias\/wp-content\/uploads\/2021\/12\/22-12-2021-Reuniao-A81P2153-768x451.jpeg 768w, https:\/\/blogdorogeriogomes.com.br\/noticias\/wp-content\/uploads\/2021\/12\/22-12-2021-Reuniao-A81P2153-800x470.jpeg 800w, https:\/\/blogdorogeriogomes.com.br\/noticias\/wp-content\/uploads\/2021\/12\/22-12-2021-Reuniao-A81P2153.jpeg 1280w\" sizes=\"auto, (max-width: 1024px) 100vw, 1024px\" \/><\/figure>\n","protected":false},"excerpt":{"rendered":"<p>O prefeito de Fortaleza, Jos\u00e9 Sarto, fez uma reuni\u00e3o de balan\u00e7o do ano com secret\u00e1rios municipais e vereadores, nesta quarta-feira, dia 23 de dezembro. Sarto falou sobre as metas para a administra\u00e7\u00e3o da Capital em 2022. Entre os desafios est\u00e3o um poss\u00edvel reajuste nas passagens de \u00f4nibus que vem sendo solicitado pelas empresas do transporte coletivo da Capital. Sarto diz estudar uma forma de evitar o aumento que atinge diretamente a popula\u00e7\u00e3o mais pobre. A implanta\u00e7\u00e3o da taxa de&hellip;<\/p>\n","protected":false},"author":1,"featured_media":23886,"comment_status":"open","ping_status":"open","sticky":false,"template":"","format":"standard","meta":{"footnotes":""},"categories":[1],"tags":[],"class_list":["post-23885","post","type-post","status-publish","format-standard","has-post-thumbnail","hentry","category-noticias"],"_links":{"self":[{"href":"https:\/\/blogdorogeriogomes.com.br\/noticias\/wp-json\/wp\/v2\/posts\/23885","targetHints":{"allow":["GET"]}}],"collection":[{"href":"https:\/\/blogdorogeriogomes.com.br\/noticias\/wp-json\/wp\/v2\/posts"}],"about":[{"href":"https:\/\/blogdorogeriogomes.com.br\/noticias\/wp-json\/wp\/v2\/types\/post"}],"author":[{"embeddable":true,"href":"https:\/\/blogdorogeriogomes.com.br\/noticias\/wp-json\/wp\/v2\/users\/1"}],"replies":[{"embeddable":true,"href":"https:\/\/blogdorogeriogomes.com.br\/noticias\/wp-json\/wp\/v2\/comments?post=23885"}],"version-history":[{"count":1,"href":"https:\/\/blogdorogeriogomes.com.br\/noticias\/wp-json\/wp\/v2\/posts\/23885\/revisions"}],"predecessor-version":[{"id":23887,"href":"https:\/\/blogdorogeriogomes.com.br\/noticias\/wp-json\/wp\/v2\/posts\/23885\/revisions\/23887"}],"wp:featuredmedia":[{"embeddable":true,"href":"https:\/\/blogdorogeriogomes.com.br\/noticias\/wp-json\/wp\/v2\/media\/23886"}],"wp:attachment":[{"href":"https:\/\/blogdorogeriogomes.com.br\/noticias\/wp-json\/wp\/v2\/media?parent=23885"}],"wp:term":[{"taxonomy":"category","embeddable":true,"href":"https:\/\/blogdorogeriogomes.com.br\/noticias\/wp-json\/wp\/v2\/categories?post=23885"},{"taxonomy":"post_tag","embeddable":true,"href":"https:\/\/blogdorogeriogomes.com.br\/noticias\/wp-json\/wp\/v2\/tags?post=23885"}],"curies":[{"name":"wp","href":"https:\/\/api.w.org\/{rel}","templated":true}]}}