{"id":23888,"date":"2021-12-23T10:15:15","date_gmt":"2021-12-23T10:15:15","guid":{"rendered":"https:\/\/blogdorogeriogomes.com.br\/?p=23888"},"modified":"2021-12-24T10:11:36","modified_gmt":"2021-12-24T10:11:36","slug":"assembleia-legislativa-aprova-reajuste-dos-servidores-e-regulamenta-servico-de-taxi-intermunicipal","status":"publish","type":"post","link":"https:\/\/blogdorogeriogomes.com.br\/noticias\/2021\/12\/assembleia-legislativa-aprova-reajuste-dos-servidores-e-regulamenta-servico-de-taxi-intermunicipal\/","title":{"rendered":"Assembleia Legislativa aprova reajuste dos servidores e regulamenta servi\u00e7o de t\u00e1xi intermunicipal"},"content":{"rendered":"\n<p>Antes do in\u00edcio do recesso parlamentar, a  Assembleia Legislativa do Cear\u00e1 aprovou, na noite desta quarta-feira, dia 22 de dezembro, projetos do Poder Executivo sobre reajuste salarial, assim como disposi\u00e7\u00e3o sobre gratifica\u00e7\u00e3o de servidores de diversas \u00e1reas dos \u00f3rg\u00e3os do Estado do Cear\u00e1. <\/p>\n\n\n\n<p>Os projetos englobam 18 categorias beneficiadas, representando um impacto financeiro de R$ 293 milh\u00f5es, de acordo com o l\u00edder do Governo na Casa, J\u00falio C\u00e9sar Filho (Cidadania). Entre os \u00f3rg\u00e3os com gratifica\u00e7\u00f5es e reestrutura\u00e7\u00f5es aprovadas para os servidores est\u00e3o Secult, Seduc, Sohidra, Nutec, Seplag, Secretarias das Cidades, Ipece, SDA, Idace, SPS, SDH, Adagri, Pol\u00edcia Militar, Issec, SOP e Sesa.<\/p>\n\n\n\n<p>Os deputados estaduais tamb\u00e9m aprovaram o projeto de lei que disp\u00f5e sobre as condi\u00e7\u00f5es para a realiza\u00e7\u00e3o de trajetos intermunicipais pelo servi\u00e7o licenciado de t\u00e1xi no \u00e2mbito do estado do Cear\u00e1. Assim, fica regulamentado o servi\u00e7o de t\u00e1xi intermunicipal.<\/p>\n\n\n\n<figure class=\"wp-block-image size-large\"><img loading=\"lazy\" decoding=\"async\" width=\"900\" height=\"553\" src=\"https:\/\/blogdorogeriogomes.com.br\/wp-content\/uploads\/2021\/12\/95f94ad55a01339e2603efab06f295f1_XL.jpg\" alt=\"\" class=\"wp-image-23889\" srcset=\"https:\/\/blogdorogeriogomes.com.br\/noticias\/wp-content\/uploads\/2021\/12\/95f94ad55a01339e2603efab06f295f1_XL.jpg 900w, https:\/\/blogdorogeriogomes.com.br\/noticias\/wp-content\/uploads\/2021\/12\/95f94ad55a01339e2603efab06f295f1_XL-300x184.jpg 300w, https:\/\/blogdorogeriogomes.com.br\/noticias\/wp-content\/uploads\/2021\/12\/95f94ad55a01339e2603efab06f295f1_XL-768x472.jpg 768w, https:\/\/blogdorogeriogomes.com.br\/noticias\/wp-content\/uploads\/2021\/12\/95f94ad55a01339e2603efab06f295f1_XL-800x492.jpg 800w\" sizes=\"auto, (max-width: 900px) 100vw, 900px\" \/><\/figure>\n","protected":false},"excerpt":{"rendered":"<p>Antes do in\u00edcio do recesso parlamentar, a Assembleia Legislativa do Cear\u00e1 aprovou, na noite desta quarta-feira, dia 22 de dezembro, projetos do Poder Executivo sobre reajuste salarial, assim como disposi\u00e7\u00e3o sobre gratifica\u00e7\u00e3o de servidores de diversas \u00e1reas dos \u00f3rg\u00e3os do Estado do Cear\u00e1. Os projetos englobam 18 categorias beneficiadas, representando um impacto financeiro de R$ 293 milh\u00f5es, de acordo com o l\u00edder do Governo na Casa, J\u00falio C\u00e9sar Filho (Cidadania). Entre os \u00f3rg\u00e3os com gratifica\u00e7\u00f5es e reestrutura\u00e7\u00f5es aprovadas para&hellip;<\/p>\n","protected":false},"author":1,"featured_media":23889,"comment_status":"open","ping_status":"open","sticky":false,"template":"","format":"standard","meta":{"footnotes":""},"categories":[1],"tags":[],"class_list":["post-23888","post","type-post","status-publish","format-standard","has-post-thumbnail","hentry","category-noticias"],"_links":{"self":[{"href":"https:\/\/blogdorogeriogomes.com.br\/noticias\/wp-json\/wp\/v2\/posts\/23888","targetHints":{"allow":["GET"]}}],"collection":[{"href":"https:\/\/blogdorogeriogomes.com.br\/noticias\/wp-json\/wp\/v2\/posts"}],"about":[{"href":"https:\/\/blogdorogeriogomes.com.br\/noticias\/wp-json\/wp\/v2\/types\/post"}],"author":[{"embeddable":true,"href":"https:\/\/blogdorogeriogomes.com.br\/noticias\/wp-json\/wp\/v2\/users\/1"}],"replies":[{"embeddable":true,"href":"https:\/\/blogdorogeriogomes.com.br\/noticias\/wp-json\/wp\/v2\/comments?post=23888"}],"version-history":[{"count":1,"href":"https:\/\/blogdorogeriogomes.com.br\/noticias\/wp-json\/wp\/v2\/posts\/23888\/revisions"}],"predecessor-version":[{"id":23890,"href":"https:\/\/blogdorogeriogomes.com.br\/noticias\/wp-json\/wp\/v2\/posts\/23888\/revisions\/23890"}],"wp:featuredmedia":[{"embeddable":true,"href":"https:\/\/blogdorogeriogomes.com.br\/noticias\/wp-json\/wp\/v2\/media\/23889"}],"wp:attachment":[{"href":"https:\/\/blogdorogeriogomes.com.br\/noticias\/wp-json\/wp\/v2\/media?parent=23888"}],"wp:term":[{"taxonomy":"category","embeddable":true,"href":"https:\/\/blogdorogeriogomes.com.br\/noticias\/wp-json\/wp\/v2\/categories?post=23888"},{"taxonomy":"post_tag","embeddable":true,"href":"https:\/\/blogdorogeriogomes.com.br\/noticias\/wp-json\/wp\/v2\/tags?post=23888"}],"curies":[{"name":"wp","href":"https:\/\/api.w.org\/{rel}","templated":true}]}}